{"id":161720,"date":"2025-11-23T01:40:30","date_gmt":"2025-11-23T01:40:30","guid":{"rendered":"https:\/\/www.europesays.com\/pt\/161720\/"},"modified":"2025-11-23T01:40:30","modified_gmt":"2025-11-23T01:40:30","slug":"chinesa-mg-lanca-eletricos-mais-baratos-e-anuncia-producao-nacional","status":"publish","type":"post","link":"https:\/\/www.europesays.com\/pt\/161720\/","title":{"rendered":"Chinesa MG lan\u00e7a el\u00e9tricos mais baratos e anuncia produ\u00e7\u00e3o nacional"},"content":{"rendered":"<p class=\"bullet mt-0\" data-v-232111b4=\"\">As variantes Comfort e Luxury, por sua vez, v\u00eam com 204 cv e 35,7 kgfm de torque, com autonomia de 279 km.<\/p>\n<p class=\"bullet\" data-v-232111b4=\"\">Independentemente da vers\u00e3o escolhida, a tra\u00e7\u00e3o sempre \u00e9 traseira. A diferen\u00e7a entre as duas novas vers\u00f5es do MG4 est\u00e1 na lista de itens de s\u00e9rie: a Luxury agrega &#8220;c\u00e2mera de 360 graus&#8221; e pacote de seguran\u00e7a ativa ADAS com controle de cruzeiro adaptativo, alerta de tr\u00e1fego cruzado traseiro, assistente de perman\u00eancia em faixa e frenagem autom\u00e1tica de emerg\u00eancia.<\/p>\n<p>MG S5 mais barato<img width=\"750\" height=\"421\" src=\"https:\/\/www.europesays.com\/pt\/wp-content\/uploads\/2025\/11\/mg-s5-comfort-1763666934329_v2_750x421.jpg\" alt=\"Imagem\" loading=\"eager\" fetchpriority=\"low\" decoding=\"auto\" title=\"\" style=\"border-radius:var(--solar-border-radius-25);\" data-v-73d45db8=\"\"\/>  Imagem: Jorge Moraes\/UOL Carros<\/p>\n<p class=\"bullet\" data-v-232111b4=\"\">J\u00e1 o SUV MG S5 mant\u00e9m 204 cv e 351 km de autonomia, mas perde equipamentos na vers\u00e3o Comfort, de R$ 195.800, em rela\u00e7\u00e3o \u00e0 Luxury, que j\u00e1 era vendida pot R$ 219.800.<\/p>\n<p class=\"bullet\" data-v-232111b4=\"\">A op\u00e7\u00e3o mais em conta do utilit\u00e1rio esportivo el\u00e9trico n\u00e3o traz itens como teto solar panor\u00e2mico, carregador por indu\u00e7\u00e3o e sensor de chuva &#8211; al\u00e9m disso, essa configura\u00e7\u00e3o n\u00e3o conta com nenhum dos 16 sistemas semiaut\u00f4nomos de aux\u00edlio ao motorista presentes no S5 Luxury.<\/p>\n","protected":false},"excerpt":{"rendered":"As variantes Comfort e Luxury, por sua vez, v\u00eam com 204 cv e 35,7 kgfm de torque, com&hellip;\n","protected":false},"author":2,"featured_media":161721,"comment_status":"","ping_status":"","sticky":false,"template":"","format":"standard","meta":{"footnotes":""},"categories":[83],"tags":[88,89,90,32,33],"class_list":{"0":"post-161720","1":"post","2":"type-post","3":"status-publish","4":"format-standard","5":"has-post-thumbnail","7":"category-empresas","8":"tag-business","9":"tag-economy","10":"tag-empresas","11":"tag-portugal","12":"tag-pt"},"share_on_mastodon":{"url":"https:\/\/pubeurope.com\/@pt\/115596469176181775","error":""},"_links":{"self":[{"href":"https:\/\/www.europesays.com\/pt\/wp-json\/wp\/v2\/posts\/161720","targetHints":{"allow":["GET"]}}],"collection":[{"href":"https:\/\/www.europesays.com\/pt\/wp-json\/wp\/v2\/posts"}],"about":[{"href":"https:\/\/www.europesays.com\/pt\/wp-json\/wp\/v2\/types\/post"}],"author":[{"embeddable":true,"href":"https:\/\/www.europesays.com\/pt\/wp-json\/wp\/v2\/users\/2"}],"replies":[{"embeddable":true,"href":"https:\/\/www.europesays.com\/pt\/wp-json\/wp\/v2\/comments?post=161720"}],"version-history":[{"count":0,"href":"https:\/\/www.europesays.com\/pt\/wp-json\/wp\/v2\/posts\/161720\/revisions"}],"wp:featuredmedia":[{"embeddable":true,"href":"https:\/\/www.europesays.com\/pt\/wp-json\/wp\/v2\/media\/161721"}],"wp:attachment":[{"href":"https:\/\/www.europesays.com\/pt\/wp-json\/wp\/v2\/media?parent=161720"}],"wp:term":[{"taxonomy":"category","embeddable":true,"href":"https:\/\/www.europesays.com\/pt\/wp-json\/wp\/v2\/categories?post=161720"},{"taxonomy":"post_tag","embeddable":true,"href":"https:\/\/www.europesays.com\/pt\/wp-json\/wp\/v2\/tags?post=161720"}],"curies":[{"name":"wp","href":"https:\/\/api.w.org\/{rel}","templated":true}]}}