{"id":161724,"date":"2025-11-23T01:43:09","date_gmt":"2025-11-23T01:43:09","guid":{"rendered":"https:\/\/www.europesays.com\/pt\/161724\/"},"modified":"2025-11-23T01:43:09","modified_gmt":"2025-11-23T01:43:09","slug":"bolsonaro-diz-ter-tentado-romper-pulseira-electronica-por-curiosidade-brasil","status":"publish","type":"post","link":"https:\/\/www.europesays.com\/pt\/161724\/","title":{"rendered":"Bolsonaro diz ter tentado romper pulseira electr\u00f3nica por \u201ccuriosidade\u201d | Brasil"},"content":{"rendered":"<p>O ex-Presidente brasileiro <a href=\"https:\/\/www.publico.pt\/2025\/11\/08\/mundo\/noticia\/supremo-rejeita-recursos-bolsonaro-confirma-condenacao-golpe-estado-2153882?ref=jair-bolsonaro&amp;cx=page__content\" target=\"_blank\" rel=\"nofollow noopener\">Jair Bolsonaro<\/a>, que foi colocado este s\u00e1bado em pris\u00e3o preventiva, assumiu \u00e0s autoridades ter utilizado um ferro de soldar para manipular a pulseira electr\u00f3nica por &#8220;curiosidade&#8221;.<\/p>\n<p>&#8220;Eu meti o ferro quente a\u00ed. Curiosidade&#8221;, disse Bolsonaro, de acordo com um v\u00eddeo gravado por uma agente e divulgado pelo Supremo Tribunal Federal (STF). No v\u00eddeo \u00e9 poss\u00edvel verificar a danifica\u00e7\u00e3o da pulseira electr\u00f3nica causada por queimaduras.<\/p>\n<p>De acordo com o relat\u00f3rio pericial, a pulseira que estava apertada ao tornozelo do ex-Presidente com o dispositivo &#8220;n\u00e3o apresentava danos&#8221; estruturais, embora tenha sido necess\u00e1rio substitu\u00ed-la por outra.<\/p>\n<p>Entretanto, o juiz do STF Alexandre de Moraes deu um prazo de 24 horas \u00e0 defesa de Bolsonaro para explicar o comportamento do seu cliente.<\/p>\n<p>O ex-chefe de Estado, condenado em Setembro a mais 27 anos de pris\u00e3o por tentativa de golpe de Estado, foi <a href=\"https:\/\/www.publico.pt\/2025\/11\/22\/mundo\/noticia\/policia-prende-preventivamente-jair-bolsonaro-2155616\" target=\"_blank\" rel=\"nofollow noopener\">preso preventivamente<\/a> na manh\u00e3 deste s\u00e1bado na sua resid\u00eancia em Bras\u00edlia, devido ao &#8220;risco de fuga&#8221; e a uma &#8220;amea\u00e7a \u00e0 ordem p\u00fablica&#8221;.<\/p>\n<p>&#8220;Constata a inten\u00e7\u00e3o do condenado de romper a tornozeleira [pulseira] electr\u00f3nica para garantir \u00eaxito em sua fuga, facilitada pela confus\u00e3o causada pela manifesta\u00e7\u00e3o convocada por seu filho&#8221;, indicou o juiz, citando a proximidade da resid\u00eancia de Bolsonaro a embaixadas estrangeiras.<\/p>\n<p>Bolsonaro encontra-se desde as 6h30 locais (9h30 em Portugal continental) numa sala da sede da Pol\u00edcia Federal em Bras\u00edlia, onde contar\u00e1 com casa de banho privativa, televis\u00e3o e ar condicionado, segundo meios de comunica\u00e7\u00e3o locais.<\/p>\n<p>Condenado por tentativa de golpe de Estado, Bolsonaro ficar\u00e1 sob cust\u00f3dia num quarto de cerca de doze metros quadrados e ter\u00e1 \u00e0 sua disposi\u00e7\u00e3o assist\u00eancia m\u00e9dica 24 horas por dia devido aos seus recorrentes problemas de sa\u00fade, de acordo com a decis\u00e3o do STF.<\/p>\n<p>Esse espa\u00e7o reservado \u00e9 conhecido como &#8220;Sala de Estado&#8221; e est\u00e1 adaptado para acolher autoridades, bem como personalidades p\u00fablicas, segundo o jornal Folha de S\u00e3o Paulo.<\/p>\n<p>O ex-Presidente s\u00f3 poder\u00e1 receber visitas com autoriza\u00e7\u00e3o judicial pr\u00e9via e ter\u00e1 audi\u00eancia de cust\u00f3dia no domingo.<\/p>\n<p>Na ter\u00e7a-feira, o <a href=\"https:\/\/www.publico.pt\/2025\/09\/22\/mundo\/noticia\/alexandre-moraes-forjou-xerife-democracia-brasileira-2147958\" target=\"_blank\" rel=\"nofollow noopener\">Supremo Tribunal Federal<\/a> divulgou o documento que rejeita os primeiros recursos apresentados pelo ex-Presidente e que oficializa a sua condena\u00e7\u00e3o a 27 anos e tr\u00eas meses por ter sido considerado culpado, entre outros crimes, de tentativa violenta de aboli\u00e7\u00e3o do Estado de direito democr\u00e1tico e golpe de Estado na sequ\u00eancia das elei\u00e7\u00f5es de 2022, que perdeu para Lula da Silva.<\/p>\n<p>A decis\u00e3o foi publicada no Di\u00e1rio da Justi\u00e7a Electr\u00f3nico, pelo que o prazo para os \u00faltimos recursos do antigo chefe de Estado (2019-2022) se aproxima do fim, uma vez que as defesas t\u00eam at\u00e9 domingo, 23 de Novembro, para apresentar recurso.<\/p>\n","protected":false},"excerpt":{"rendered":"O ex-Presidente brasileiro Jair Bolsonaro, que foi colocado este s\u00e1bado em pris\u00e3o preventiva, assumiu \u00e0s autoridades ter utilizado&hellip;\n","protected":false},"author":2,"featured_media":161725,"comment_status":"","ping_status":"","sticky":false,"template":"","format":"standard","meta":{"footnotes":""},"categories":[8],"tags":[1126,726,27,28,15,16,14,1125,603,25,26,21,22,62,12,13,19,20,32,23,24,33,17,18,29,30,31],"class_list":{"0":"post-161724","1":"post","2":"type-post","3":"status-publish","4":"format-standard","5":"has-post-thumbnail","7":"category-principais-noticias","8":"tag-america-do-sul","9":"tag-brasil","10":"tag-breaking-news","11":"tag-breakingnews","12":"tag-featured-news","13":"tag-featurednews","14":"tag-headlines","15":"tag-jair-bolsonaro","16":"tag-justica","17":"tag-latest-news","18":"tag-latestnews","19":"tag-main-news","20":"tag-mainnews","21":"tag-mundo","22":"tag-news","23":"tag-noticias","24":"tag-noticias-principais","25":"tag-noticiasprincipais","26":"tag-portugal","27":"tag-principais-noticias","28":"tag-principaisnoticias","29":"tag-pt","30":"tag-top-stories","31":"tag-topstories","32":"tag-ultimas","33":"tag-ultimas-noticias","34":"tag-ultimasnoticias"},"share_on_mastodon":{"url":"https:\/\/pubeurope.com\/@pt\/115596479899361111","error":""},"_links":{"self":[{"href":"https:\/\/www.europesays.com\/pt\/wp-json\/wp\/v2\/posts\/161724","targetHints":{"allow":["GET"]}}],"collection":[{"href":"https:\/\/www.europesays.com\/pt\/wp-json\/wp\/v2\/posts"}],"about":[{"href":"https:\/\/www.europesays.com\/pt\/wp-json\/wp\/v2\/types\/post"}],"author":[{"embeddable":true,"href":"https:\/\/www.europesays.com\/pt\/wp-json\/wp\/v2\/users\/2"}],"replies":[{"embeddable":true,"href":"https:\/\/www.europesays.com\/pt\/wp-json\/wp\/v2\/comments?post=161724"}],"version-history":[{"count":0,"href":"https:\/\/www.europesays.com\/pt\/wp-json\/wp\/v2\/posts\/161724\/revisions"}],"wp:featuredmedia":[{"embeddable":true,"href":"https:\/\/www.europesays.com\/pt\/wp-json\/wp\/v2\/media\/161725"}],"wp:attachment":[{"href":"https:\/\/www.europesays.com\/pt\/wp-json\/wp\/v2\/media?parent=161724"}],"wp:term":[{"taxonomy":"category","embeddable":true,"href":"https:\/\/www.europesays.com\/pt\/wp-json\/wp\/v2\/categories?post=161724"},{"taxonomy":"post_tag","embeddable":true,"href":"https:\/\/www.europesays.com\/pt\/wp-json\/wp\/v2\/tags?post=161724"}],"curies":[{"name":"wp","href":"https:\/\/api.w.org\/{rel}","templated":true}]}}