{"id":161734,"date":"2025-11-23T01:54:14","date_gmt":"2025-11-23T01:54:14","guid":{"rendered":"https:\/\/www.europesays.com\/pt\/161734\/"},"modified":"2025-11-23T01:54:14","modified_gmt":"2025-11-23T01:54:14","slug":"novos-autocarros-eletricos-dos-smtuc-geridos-a-distancia-empresa-fica-atenta-noticias-de-coimbra","status":"publish","type":"post","link":"https:\/\/www.europesays.com\/pt\/161734\/","title":{"rendered":"Novos autocarros el\u00e9tricos dos SMTUC \u201cgeridos\u201d \u00e0 dist\u00e2ncia? Empresa fica atenta \u2013 Not\u00edcias de Coimbra"},"content":{"rendered":"<p><strong>As viaturas adquiridas no in\u00edcio de 2025 s\u00e3o da marca chinesa Yutong.<\/strong><\/p>\n<p>O munic\u00edpio de Coimbra aprovou a aquisi\u00e7\u00e3o de tr\u00eas dezenas de autocarros el\u00e9tricos. As viaturas s\u00e3o fabricadas pela marca chinesa Yutong.<\/p>\n<p>A aprova\u00e7\u00e3o da <strong><a href=\"https:\/\/www.coimbra.pt\/2025\/02\/cm-de-coimbra-adquire-30-novos-autocarros-eletricos-para-os-smtuc\/\" target=\"_blank\" rel=\"noreferrer noopener nofollow\">candidatura<\/a><\/strong>, que resulta de uma candidatura feita pelo munic\u00edpio ao Plano de Recupera\u00e7\u00e3o e Resili\u00eancia (PRR), prev\u00ea que os ve\u00edculos cheguem a Coimbra at\u00e9 ao final deste ano.<\/p>\n<p>Enquanto tal n\u00e3o sucede, o fabricante chin\u00eas tem ficado ligado a uma pol\u00e9mica que come\u00e7ou em outubro deste ano na Noruega e Dinamarca. Numa a\u00e7\u00e3o de rotina, as operadoras de transportes p\u00fablicos  Ruter e Movia detetaram uma falha de ciberseguran\u00e7a nos ve\u00edculos.<\/p>\n<p>Durante uma inspe\u00e7\u00e3o regular, foram encontrados cart\u00f5es SIM (telem\u00f3vel) que permite \u00e0 Yutong aceder remotamente aos sistemas dos autocarros.<\/p>\n<p>O objetivo, segundo o fabricante, era facilitar a atualiza\u00e7\u00f5es de\u00a0software\u00a0e diagn\u00f3sticos \u00e0 dist\u00e2ncia, mas permite a imobiliza\u00e7\u00e3o ou desativa\u00e7\u00e3o remota dos ve\u00edculos.<\/p>\n<p>O caso passou as fronteiras destes pa\u00edses n\u00f3rdicos, tendo chegado a Portugal. Aqui, o sinal de alerta soou  na Carris Metropolitana, Guimabus e Flixbus. <\/p>\n<p>Todas as empresas j\u00e1 vieram <strong><a href=\"https:\/\/expresso.pt\/economia\/transportes\/2025-11-06-empresas-portuguesas-avaliam-se-china-tambem-controla-autocarros-da-yutong-em-portugal-9fcc59c2\" target=\"_blank\" rel=\"noreferrer noopener nofollow\">dizer<\/a><\/strong> que, nas inspe\u00e7\u00f5es efetuadas, n\u00e3o foi encontrada nenhum equipamento que pudesse colocar em causa a seguran\u00e7a destas viaturas.<\/p>\n<p>Perante estas informa\u00e7\u00f5es, e estando pr\u00f3xima a chegada dos 14 autocarros el\u00e9tricos \u2018standard\u2019 (com cerca de 12 metros de comprimento) e 16 autocarros el\u00e9tricos \u2018midi\u2019 (com cerca de nove metros de comprimento), o Not\u00edcias de Coimbra questionou os Servi\u00e7os Municipalizados de Transportes Urbanos de Coimbra (SMTUC) sobre esta situa\u00e7\u00e3o.<\/p>\n<p>Na resposta, foi dito que a empresa municipal teve \u201cconhecimento da situa\u00e7\u00e3o atrav\u00e9s da imprensa nacional e estrangeira\u201d. <\/p>\n<p>Perante as informa\u00e7\u00f5es reveladas, os SMTUC j\u00e1 questionaram o fabricante chin\u00eas, o qual remeteu a explica\u00e7\u00e3o que as suas viaturas cumprem \u201cas normas europeias sobre as quest\u00f5es de intrus\u00e3o por terceiros\u201d.<\/p>\n<p>Apesar dessas garantias, a empresa municipal referiu que ir\u00e1 realizar uma inspe\u00e7\u00e3o a todos os ve\u00edculos que entrarem nas instala\u00e7\u00f5es da Guarda Inglesa.<\/p>\n<p>PUBLICIDADE<\/p>\n<p>\t\t\t<a class=\"publicidade-imagem d-flex justify-content-center\" href=\"https:\/\/cm-lousa.pt\/eventos\/34-a-feira-do-mel-e-da-castanha-da-lousa\/\" rel=\"nofollow noopener\" target=\"_blank\"><br \/>\n\t\t\t  <img loading=\"lazy\" decoding=\"async\" width=\"300\" height=\"600\" src=\"https:\/\/www.europesays.com\/pt\/wp-content\/uploads\/2025\/11\/1763487968_757_LOUSA-2025.jpg\" alt=\"publicidade\" class=\"img-fluid\"\/><br \/>\n\t\t\t<\/a><\/p>\n","protected":false},"excerpt":{"rendered":"As viaturas adquiridas no in\u00edcio de 2025 s\u00e3o da marca chinesa Yutong. O munic\u00edpio de Coimbra aprovou a&hellip;\n","protected":false},"author":2,"featured_media":161735,"comment_status":"","ping_status":"","sticky":false,"template":"","format":"standard","meta":{"footnotes":""},"categories":[83],"tags":[88,89,90,32,33],"class_list":{"0":"post-161734","1":"post","2":"type-post","3":"status-publish","4":"format-standard","5":"has-post-thumbnail","7":"category-empresas","8":"tag-business","9":"tag-economy","10":"tag-empresas","11":"tag-portugal","12":"tag-pt"},"share_on_mastodon":{"url":"https:\/\/pubeurope.com\/@pt\/115596523409696553","error":""},"_links":{"self":[{"href":"https:\/\/www.europesays.com\/pt\/wp-json\/wp\/v2\/posts\/161734","targetHints":{"allow":["GET"]}}],"collection":[{"href":"https:\/\/www.europesays.com\/pt\/wp-json\/wp\/v2\/posts"}],"about":[{"href":"https:\/\/www.europesays.com\/pt\/wp-json\/wp\/v2\/types\/post"}],"author":[{"embeddable":true,"href":"https:\/\/www.europesays.com\/pt\/wp-json\/wp\/v2\/users\/2"}],"replies":[{"embeddable":true,"href":"https:\/\/www.europesays.com\/pt\/wp-json\/wp\/v2\/comments?post=161734"}],"version-history":[{"count":0,"href":"https:\/\/www.europesays.com\/pt\/wp-json\/wp\/v2\/posts\/161734\/revisions"}],"wp:featuredmedia":[{"embeddable":true,"href":"https:\/\/www.europesays.com\/pt\/wp-json\/wp\/v2\/media\/161735"}],"wp:attachment":[{"href":"https:\/\/www.europesays.com\/pt\/wp-json\/wp\/v2\/media?parent=161734"}],"wp:term":[{"taxonomy":"category","embeddable":true,"href":"https:\/\/www.europesays.com\/pt\/wp-json\/wp\/v2\/categories?post=161734"},{"taxonomy":"post_tag","embeddable":true,"href":"https:\/\/www.europesays.com\/pt\/wp-json\/wp\/v2\/tags?post=161734"}],"curies":[{"name":"wp","href":"https:\/\/api.w.org\/{rel}","templated":true}]}}