{"id":161736,"date":"2025-11-23T01:57:09","date_gmt":"2025-11-23T01:57:09","guid":{"rendered":"https:\/\/www.europesays.com\/pt\/161736\/"},"modified":"2025-11-23T01:57:09","modified_gmt":"2025-11-23T01:57:09","slug":"sporting-biel-vive-pesadelo-na-final-da-taca-sul-americana","status":"publish","type":"post","link":"https:\/\/www.europesays.com\/pt\/161736\/","title":{"rendered":"Sporting: Biel vive pesadelo na final da Ta\u00e7a Sul-Americana"},"content":{"rendered":"<p>O <a class=\"autolink-enabled\" data-resource-id=\"176\" data-resource-type=\"team\" data-sport=\"football\" href=\"https:\/\/www.abola.pt\/futebol\/atletico-mineiro-176\" rel=\"nofollow noopener\" target=\"_blank\">Atl\u00e9tico Mineiro<\/a> falhou a conquista da Ta\u00e7a Sul-Americana ap\u00f3s perder nos pen\u00e1ltis frente ao Lan\u00fas, este s\u00e1bado, e um dos nomes mais infelizes da noite foi <a class=\"autolink-enabled\" data-resource-id=\"239643\" data-resource-type=\"player\" data-sport=\"football\" href=\"https:\/\/www.abola.pt\/futebol\/jogador\/biel-239643\" rel=\"nofollow noopener\" target=\"_blank\">Biel<\/a>. O avan\u00e7ado brasileiro, que est\u00e1 emprestado pelo <a class=\"autolink-enabled\" data-resource-id=\"448\" data-resource-type=\"team\" data-sport=\"football\" href=\"https:\/\/www.abola.pt\/futebol\/sporting-448\" rel=\"nofollow noopener\" target=\"_blank\">Sporting<\/a> ao galo, esteve em destaque pela negativa ao desperdi\u00e7ar tr\u00eas ocasi\u00f5es decisivas: duas durante o prolongamento e outra na marca dos onze metros.<\/p>\n<p>O jogador que fez sete jogos pelos le\u00f5es, na temporada passada, foi lan\u00e7ado ao minuto 94 e a primeira grande oportunidade surgiu ainda na primeira parte do tempo extra, quando ganhou posi\u00e7\u00e3o na \u00e1rea e cabeceou por cima, ap\u00f3s um cruzamento milim\u00e9trico de <a target=\"_blank\" class=\"editor-link autolink-enabled\" href=\"https:\/\/www.abola.pt\/futebol\/jogador\/gustavo-scarpa-15327\" data-resource-id=\"15327\" data-resource-type=\"player\" data-sport=\"football\" rel=\"nofollow noopener\">Gustavo Scarpa<\/a>. J\u00e1 no segundo tempo do prolongamento, o atacante de 24 anos voltou a estar perto do golo: isolou-se em velocidade, entrou na \u00e1rea, mas rematou para defesa de Nahuel Losada, que manteve o Lan\u00fas vivo no jogo.<\/p>\n<p>A m\u00e1 noite ficou completa no desempate por pen\u00e1ltis. Chamado a bater a quarta tentativa do <a class=\"autolink-enabled\" data-resource-id=\"176\" data-resource-type=\"team\" data-sport=\"football\" href=\"https:\/\/www.abola.pt\/futebol\/atletico-mineiro-176\" rel=\"nofollow noopener\" target=\"_blank\">Atl\u00e9tico Mineiro<\/a>, <a class=\"autolink-enabled\" data-resource-id=\"239643\" data-resource-type=\"player\" data-sport=\"football\" href=\"https:\/\/www.abola.pt\/futebol\/jogador\/biel-239643\" rel=\"nofollow noopener\" target=\"_blank\">Biel<\/a> optou por colocar a bola num dos cantos, mas Losada voltou a brilhar, defendendo novamente e deixando o galo em desvantagem.<\/p>\n<p>O <a target=\"_blank\" class=\"editor-link autolink-enabled\" href=\"https:\/\/www.abola.pt\/futebol\/atletico-mineiro-176\" data-resource-id=\"176\" data-resource-type=\"team\" data-sport=\"football\" rel=\"nofollow noopener\">Atl\u00e9tico Mineiro<\/a> acabaria por ser derrotado nas grandes penalidades, e <a target=\"_blank\" class=\"editor-link autolink-enabled\" href=\"https:\/\/www.abola.pt\/futebol\/jogador\/biel-239643\" data-resource-id=\"239643\" data-resource-type=\"player\" data-sport=\"football\" rel=\"nofollow noopener\">Biel<\/a>, em destaque pelos falhan\u00e7os em momentos cruciais, sai da final marcado por uma exibi\u00e7\u00e3o que querer\u00e1 apagar da mem\u00f3ria. Se a rela\u00e7\u00e3o com os adeptos mineiros j\u00e1 n\u00e3o estava f\u00e1cil&#8230;<\/p>\n","protected":false},"excerpt":{"rendered":"O Atl\u00e9tico Mineiro falhou a conquista da Ta\u00e7a Sul-Americana ap\u00f3s perder nos pen\u00e1ltis frente ao Lan\u00fas, este s\u00e1bado,&hellip;\n","protected":false},"author":2,"featured_media":161737,"comment_status":"","ping_status":"","sticky":false,"template":"","format":"standard","meta":{"footnotes":""},"categories":[8],"tags":[27,28,15,16,14,25,26,21,22,12,13,19,20,32,23,24,33,17,18,29,30,31],"class_list":{"0":"post-161736","1":"post","2":"type-post","3":"status-publish","4":"format-standard","5":"has-post-thumbnail","7":"category-principais-noticias","8":"tag-breaking-news","9":"tag-breakingnews","10":"tag-featured-news","11":"tag-featurednews","12":"tag-headlines","13":"tag-latest-news","14":"tag-latestnews","15":"tag-main-news","16":"tag-mainnews","17":"tag-news","18":"tag-noticias","19":"tag-noticias-principais","20":"tag-noticiasprincipais","21":"tag-portugal","22":"tag-principais-noticias","23":"tag-principaisnoticias","24":"tag-pt","25":"tag-top-stories","26":"tag-topstories","27":"tag-ultimas","28":"tag-ultimas-noticias","29":"tag-ultimasnoticias"},"share_on_mastodon":{"url":"https:\/\/pubeurope.com\/@pt\/115596535010171159","error":""},"_links":{"self":[{"href":"https:\/\/www.europesays.com\/pt\/wp-json\/wp\/v2\/posts\/161736","targetHints":{"allow":["GET"]}}],"collection":[{"href":"https:\/\/www.europesays.com\/pt\/wp-json\/wp\/v2\/posts"}],"about":[{"href":"https:\/\/www.europesays.com\/pt\/wp-json\/wp\/v2\/types\/post"}],"author":[{"embeddable":true,"href":"https:\/\/www.europesays.com\/pt\/wp-json\/wp\/v2\/users\/2"}],"replies":[{"embeddable":true,"href":"https:\/\/www.europesays.com\/pt\/wp-json\/wp\/v2\/comments?post=161736"}],"version-history":[{"count":0,"href":"https:\/\/www.europesays.com\/pt\/wp-json\/wp\/v2\/posts\/161736\/revisions"}],"wp:featuredmedia":[{"embeddable":true,"href":"https:\/\/www.europesays.com\/pt\/wp-json\/wp\/v2\/media\/161737"}],"wp:attachment":[{"href":"https:\/\/www.europesays.com\/pt\/wp-json\/wp\/v2\/media?parent=161736"}],"wp:term":[{"taxonomy":"category","embeddable":true,"href":"https:\/\/www.europesays.com\/pt\/wp-json\/wp\/v2\/categories?post=161736"},{"taxonomy":"post_tag","embeddable":true,"href":"https:\/\/www.europesays.com\/pt\/wp-json\/wp\/v2\/tags?post=161736"}],"curies":[{"name":"wp","href":"https:\/\/api.w.org\/{rel}","templated":true}]}}