{"id":161738,"date":"2025-11-23T01:58:26","date_gmt":"2025-11-23T01:58:26","guid":{"rendered":"https:\/\/www.europesays.com\/pt\/161738\/"},"modified":"2025-11-23T01:58:26","modified_gmt":"2025-11-23T01:58:26","slug":"jade-magalhaes-mostra-primeiro-encontro-da-filha-serena-com-o-papai-noel","status":"publish","type":"post","link":"https:\/\/www.europesays.com\/pt\/161738\/","title":{"rendered":"Jade Magalh\u00e3es mostra primeiro encontro da filha, Serena, com o papai noel"},"content":{"rendered":"<p><strong>A pequena Serena, filha de Luan Santana e Jade Magalh\u00e3es encontrou o Papai Noel pela primeira vez.<\/strong> O registro do momento foi compartilhado por Jade, no Instagram neste s\u00e1bado (22).<\/p>\n<p><img fetchpriority=\"high\" decoding=\"async\" aria-describedby=\"caption-attachment-223194\" class=\"size-medium wp-image-223194\" src=\"https:\/\/www.europesays.com\/pt\/wp-content\/uploads\/2025\/11\/serena-e-o-papai-noel-2-405x720.jpg\" alt=\"\" width=\"405\" height=\"720\"  \/><\/p>\n<p id=\"caption-attachment-223194\" class=\"wp-caption-text\">Papai Noel, Jade e Serena<\/p>\n<p>\u201cO Papai Noel pela primeira vez\u201d, escreveu ela na legenda da publica\u00e7\u00e3o feita nos Stories. Outro clique compartilhado pela empres\u00e1ria mostram a dupla observando as decora\u00e7\u00f5es de Natal.\u00a0Serena nasceu no dia 28 de dezembro, est\u00e1 prestes a completar 1 ano.<\/p>\n<p><img loading=\"lazy\" decoding=\"async\" aria-describedby=\"caption-attachment-223195\" class=\"size-medium wp-image-223195\" src=\"https:\/\/www.europesays.com\/pt\/wp-content\/uploads\/2025\/11\/serena-e-o-papai-noel-1-405x720.jpg\" alt=\"\" width=\"405\" height=\"720\"  \/><\/p>\n<p id=\"caption-attachment-223195\" class=\"wp-caption-text\">Jade e Serena observam a decora\u00e7\u00e3o de Natal<\/p>\n<p>\u00a0<\/p>\n","protected":false},"excerpt":{"rendered":"A pequena Serena, filha de Luan Santana e Jade Magalh\u00e3es encontrou o Papai Noel pela primeira vez. O&hellip;\n","protected":false},"author":2,"featured_media":161739,"comment_status":"","ping_status":"","sticky":false,"template":"","format":"standard","meta":{"footnotes":""},"categories":[145],"tags":[211,210,114,115,32,33],"class_list":{"0":"post-161738","1":"post","2":"type-post","3":"status-publish","4":"format-standard","5":"has-post-thumbnail","7":"category-celebridades","8":"tag-celebridades","9":"tag-celebrities","10":"tag-entertainment","11":"tag-entretenimento","12":"tag-portugal","13":"tag-pt"},"share_on_mastodon":{"url":"https:\/\/pubeurope.com\/@pt\/115596539085152453","error":""},"_links":{"self":[{"href":"https:\/\/www.europesays.com\/pt\/wp-json\/wp\/v2\/posts\/161738","targetHints":{"allow":["GET"]}}],"collection":[{"href":"https:\/\/www.europesays.com\/pt\/wp-json\/wp\/v2\/posts"}],"about":[{"href":"https:\/\/www.europesays.com\/pt\/wp-json\/wp\/v2\/types\/post"}],"author":[{"embeddable":true,"href":"https:\/\/www.europesays.com\/pt\/wp-json\/wp\/v2\/users\/2"}],"replies":[{"embeddable":true,"href":"https:\/\/www.europesays.com\/pt\/wp-json\/wp\/v2\/comments?post=161738"}],"version-history":[{"count":0,"href":"https:\/\/www.europesays.com\/pt\/wp-json\/wp\/v2\/posts\/161738\/revisions"}],"wp:featuredmedia":[{"embeddable":true,"href":"https:\/\/www.europesays.com\/pt\/wp-json\/wp\/v2\/media\/161739"}],"wp:attachment":[{"href":"https:\/\/www.europesays.com\/pt\/wp-json\/wp\/v2\/media?parent=161738"}],"wp:term":[{"taxonomy":"category","embeddable":true,"href":"https:\/\/www.europesays.com\/pt\/wp-json\/wp\/v2\/categories?post=161738"},{"taxonomy":"post_tag","embeddable":true,"href":"https:\/\/www.europesays.com\/pt\/wp-json\/wp\/v2\/tags?post=161738"}],"curies":[{"name":"wp","href":"https:\/\/api.w.org\/{rel}","templated":true}]}}