{"id":161746,"date":"2025-11-23T02:12:35","date_gmt":"2025-11-23T02:12:35","guid":{"rendered":"https:\/\/www.europesays.com\/pt\/161746\/"},"modified":"2025-11-23T02:12:35","modified_gmt":"2025-11-23T02:12:35","slug":"virginia-fonseca-relata-efeito-colateral-de-tratamento-hormonal-para-engravidar-muita","status":"publish","type":"post","link":"https:\/\/www.europesays.com\/pt\/161746\/","title":{"rendered":"Virginia Fonseca relata efeito colateral de tratamento hormonal para engravidar: &#8216;Muita&#8217;"},"content":{"rendered":"<p>A influenciadora digital\u00a0<a href=\"https:\/\/caras.com.br\/tags\/virginia\" rel=\"nofollow noopener\" target=\"_blank\"><strong>Virginia Fonseca<\/strong><\/a> aproveitou <a href=\"https:\/\/caras.com.br\/atualidades\/virginia-fonseca-admite-apos-curtir-noite-de-shows-tive-a-certeza.phtml\" rel=\"nofollow noopener\" target=\"_blank\">um tempo livre nesta<\/a> sexta-feira, 21, para abrir uma caixinha de perguntas nas redes sociais. Durante a intera\u00e7\u00e3o, um seguidor questionou o motivo de seu rosto apresentar marcas e espinhas, e a empres\u00e1ria explicou que elas surgiram ap\u00f3s o uso de horm\u00f4nios para engravidar.<\/p>\n<p>\u201cPor que seu rosto vive cheio de manchas e espinhas?\u201d, enviou a pessoa. Em resposta, a empres\u00e1ria contou que as marcas s\u00e3o um efeito colateral do tratamento com horm\u00f4nios que fez para engravidar. \u201cEnt\u00e3o, quando eu tive a Flor, eu queria muito engravidar logo em seguida, e n\u00e3o estava vindo, n\u00e3o estava acontecendo. A\u00ed eu tomei horm\u00f4nio pra tentar engravidar. Esses horm\u00f4nios me deram muitas espinhas\u201d, detalhou.<\/p>\n<p>Ela contou que, antes do tratamento, n\u00e3o tinha problemas com espinhas. \u201cEu n\u00e3o tinha nada, nada! Gente, eu tive espinha! Quando minha menstrua\u00e7\u00e3o desceu, com 14 anos, eu tive um pouco de espinha na testa, e depois nunca mais. A\u00ed eu fui tomar esses horm\u00f4nios e deu problema\u201d, detalhou.<\/p>\n<p>E falou sobre os desafios do tratamento.\u00a0\u201cTive muita espinha e ficaram as manchas. E pra tratar mancha n\u00e3o \u00e9 t\u00e3o simples assim, ainda mais eu, que n\u00e3o tenho tempo pra fazer tipos de laser mais pesados, pra tratar o rosto. Sempre tenho alguma grava\u00e7\u00e3o, alguma coisa. Ent\u00e3o \u00e9 por isso. Mas eu t\u00f4 tratando e vai dar certo. Elas v\u00e3o sair, amor. As manchas v\u00e3o sair, am\u00e9m! Nem que seja na faca, nem que seja eu passando a faca, elas v\u00e3o sair\u201d.<\/p>\n<blockquote class=\"instagram-media\" style=\"background: #FFF; border: 0; border-radius: 3px; box-shadow: 0 0 1px 0 rgba(0,0,0,0.5),0 1px 10px 0 rgba(0,0,0,0.15); margin: 1px; max-width: 540px; min-width: 326px; padding: 0; width: calc(100% - 2px);\" data-instgrm-captioned=\"\" data-instgrm-permalink=\"https:\/\/www.instagram.com\/reel\/DRXYSK1Djvb\/?utm_source=ig_embed&amp;utm_campaign=loading\" data-instgrm-version=\"14\"><\/blockquote>\n<p>  O rosto de Virginia sem maquiagem <\/p>\n<p>Recentemente, Virginia Fonseca surpreendeu os seguidores ao aparecer de rosto lavado nas redes sociais. Ela gravou stories logo ap\u00f3s acordar, falou sobre estar sem maquiagem e revelou que acordou com dor de cabe\u00e7a.<\/p>\n<p>\u201cN\u00e3o sei como eu t\u00f4 aparecendo aqui pra voc\u00eas assim. Que coragem que eu t\u00f4 de aparecer aqui assim, desse jeito, depois de estar bel\u00edssima ontem. Estou aqui comendo p\u00e3o com ovo, minha cabe\u00e7a acordou explodindo. Ent\u00e3o eu vou comer pra ver se passa. N\u00e3o t\u00e1 passando\u201d, declarou ela.<\/p>\n<p> <img loading=\"lazy\" decoding=\"async\" class=\"size-full wp-image-1030582 img-fluid lazy\" alt=\"Virginia . - Foto: @virginia\" width=\"388\" height=\"693\" src=\"https:\/\/www.europesays.com\/pt\/wp-content\/uploads\/2025\/11\/cirginia.jpg\"  \/>Virginia . \u2013 Foto: @virginia <img loading=\"lazy\" decoding=\"async\" class=\"size-full wp-image-1030581 img-fluid lazy\" alt=\"Virginia . - Foto: @virginia\" width=\"393\" height=\"689\" src=\"https:\/\/www.europesays.com\/pt\/wp-content\/uploads\/2025\/11\/cirginia1.jpg\"  \/>Virginia . \u2013 Foto: @virginia <\/p>\n<p>Leia tamb\u00e9m:<a href=\"https:\/\/caras.com.br\/atualidades\/virginia-fonseca-admite-apos-curtir-noite-de-shows-tive-a-certeza.phtml\" rel=\"nofollow noopener\" target=\"_blank\"> Virginia Fonseca admite ap\u00f3s curtir noite de shows: \u2018Tive a certeza\u2026\u2019<\/a><\/p>\n<p>        <a href=\"https:\/\/caras.com.br\/autor\/juliana-dracz\" rel=\"nofollow noopener\" target=\"_blank\">&#13;<br \/>\n          <img loading=\"lazy\" decoding=\"async\" alt=\"Juliana Dracz\" src=\"https:\/\/www.europesays.com\/pt\/wp-content\/uploads\/2025\/09\/436551461_2434711450057729_5105646040807821088_n_sqmd.png\" class=\"avatar avatar-115 photo rounded-circle\" height=\"115\" width=\"115\"\/>        <\/a><\/p>\n<p>Juliana Dracz \u00e9 rep\u00f3rter de conte\u00fado do site CARAS. Formada em Jornalismo pela Universidade Cat\u00f3lica de Bras\u00edlia, ela j\u00e1 trabalhou em grandes sites de entretenimento. Atualmente, escreve sobre novelas, celebridades e TV.<\/p>\n<ul class=\"terms-list post_tag list-inline\">\n<li class=\"virginia-fonseca list-inline-item\">\n\t\t\t\t\t<a href=\"https:\/\/caras.com.br\/tags\/virginia-fonseca_3\" class=\"item-category\" rel=\"nofollow noopener\" target=\"_blank\">&#8216;Virginia Fonseca&#8217;<\/a>\n\t\t\t\t<\/li>\n<li class=\"virginia list-inline-item\">\n\t\t\t\t\t<a href=\"https:\/\/caras.com.br\/tags\/virginia_2\" class=\"item-category\" rel=\"nofollow noopener\" target=\"_blank\">&#8216;Virg\u00ednia&#8217;<\/a>\n\t\t\t\t<\/li>\n<\/ul>\n<p>\t                                            <script async src=\"\/\/www.instagram.com\/embed.js\"><\/script><\/p>\n","protected":false},"excerpt":{"rendered":"A influenciadora digital\u00a0Virginia Fonseca aproveitou um tempo livre nesta sexta-feira, 21, para abrir uma caixinha de perguntas nas&hellip;\n","protected":false},"author":2,"featured_media":161747,"comment_status":"","ping_status":"","sticky":false,"template":"","format":"standard","meta":{"footnotes":""},"categories":[145],"tags":[211,210,114,115,32,33,973,1446],"class_list":{"0":"post-161746","1":"post","2":"type-post","3":"status-publish","4":"format-standard","5":"has-post-thumbnail","7":"category-celebridades","8":"tag-celebridades","9":"tag-celebrities","10":"tag-entertainment","11":"tag-entretenimento","12":"tag-portugal","13":"tag-pt","14":"tag-virginia","15":"tag-virginia-fonseca"},"share_on_mastodon":{"url":"https:\/\/pubeurope.com\/@pt\/115596594051716713","error":""},"_links":{"self":[{"href":"https:\/\/www.europesays.com\/pt\/wp-json\/wp\/v2\/posts\/161746","targetHints":{"allow":["GET"]}}],"collection":[{"href":"https:\/\/www.europesays.com\/pt\/wp-json\/wp\/v2\/posts"}],"about":[{"href":"https:\/\/www.europesays.com\/pt\/wp-json\/wp\/v2\/types\/post"}],"author":[{"embeddable":true,"href":"https:\/\/www.europesays.com\/pt\/wp-json\/wp\/v2\/users\/2"}],"replies":[{"embeddable":true,"href":"https:\/\/www.europesays.com\/pt\/wp-json\/wp\/v2\/comments?post=161746"}],"version-history":[{"count":0,"href":"https:\/\/www.europesays.com\/pt\/wp-json\/wp\/v2\/posts\/161746\/revisions"}],"wp:featuredmedia":[{"embeddable":true,"href":"https:\/\/www.europesays.com\/pt\/wp-json\/wp\/v2\/media\/161747"}],"wp:attachment":[{"href":"https:\/\/www.europesays.com\/pt\/wp-json\/wp\/v2\/media?parent=161746"}],"wp:term":[{"taxonomy":"category","embeddable":true,"href":"https:\/\/www.europesays.com\/pt\/wp-json\/wp\/v2\/categories?post=161746"},{"taxonomy":"post_tag","embeddable":true,"href":"https:\/\/www.europesays.com\/pt\/wp-json\/wp\/v2\/tags?post=161746"}],"curies":[{"name":"wp","href":"https:\/\/api.w.org\/{rel}","templated":true}]}}