{"id":161751,"date":"2025-11-23T02:26:09","date_gmt":"2025-11-23T02:26:09","guid":{"rendered":"https:\/\/www.europesays.com\/pt\/161751\/"},"modified":"2025-11-23T02:26:09","modified_gmt":"2025-11-23T02:26:09","slug":"tudo-o-que-rolou-na-visita-de-dua-lipa-a-mansao-de-angelica-e-luciano-huck-antes-do-show-no-rio","status":"publish","type":"post","link":"https:\/\/www.europesays.com\/pt\/161751\/","title":{"rendered":"tudo o que rolou na visita de Dua Lipa \u00e0 mans\u00e3o de Ang\u00e9lica e Luciano Huck antes do show no Rio!"},"content":{"rendered":"<p>\n                        Dua Lipa est\u00e1 curtindo muito a vida no Rio de Janeiro! Neste s\u00e1bado (22), a cantora conheceu a mans\u00e3o de Ang\u00e9lica e Luciano Huck pouco antes de apresentar seu show na capital carioca. Veja as fotos!\n                    <\/p>\n<p><img loading=\"lazy\" decoding=\"async\" alt=\"Dua Lipa foi recebida por Ang\u00e9lica e Luciano Huck na mans\u00e3o do casal, no Rio de Janeiro.\" class=\"img-b4aca0a4ae8af9b324872e27e6f48a23iufc1zmu\" height=\"455\" src=\"https:\/\/www.europesays.com\/pt\/wp-content\/uploads\/2025\/11\/357455214-d3a3b1bc12880a32-1400x823-2.png\"  title=\"Dua Lipa foi recebida por Ang\u00e9lica e Luciano Huck na mans\u00e3o do casal, no Rio de Janeiro.\" width=\"774\"\/><\/p>\n<p>Dua Lipa foi recebida por Ang\u00e9lica e Luciano Huck na mans\u00e3o do casal, no Rio de Janeiro.<\/p>\n<p>Foto: Reprodu\u00e7\u00e3o\/Instagram, @dualipa \/ Purepeople<\/p>\n<p class=\"text\"><a href=\"https:\/\/www.purepeople.com.br\/noticia\/saiba-detalhes-sobre-a-mansao-que-angelica-e-luciano-huck-cederam-para-casamento-de-luxo_a199522\/1\" rel=\"nofollow noopener\" target=\"_blank\">Acostumados a receber famosos nacionais e internacionais em sua mans\u00e3o<\/a> no Rio de Janeiro, <a href=\"https:\/\/www.purepeople.com.br\/famosos\/angelica_p2593\" rel=\"nofollow noopener\" target=\"_blank\"><strong>Ang\u00e9lica <\/strong><\/a><strong>e <\/strong><a href=\"https:\/\/www.purepeople.com.br\/famosos\/luciano-huck_p2430\" rel=\"nofollow noopener\" target=\"_blank\"><strong>Luciano Huck<\/strong><\/a> voltaram a roubar a cena ao aparecer em uma foto ao lado de ningu\u00e9m menos que <a href=\"https:\/\/www.purepeople.com.br\/famosos\/dua-lipa_p546411\" rel=\"nofollow noopener\" target=\"_blank\"><strong>Dua Lipa<\/strong><\/a>, que vem encantando os brasileiros com <a href=\"https:\/\/www.purepeople.com.br\/noticia\/quem-e-dua-lipa-cantora-com-sabrina-sato-em-ensaio-da-vila-isabel-pro-carnaval-2026-veja-fotos-looks-da-cantora-internacional-com-apresentadora-do-gnt_a413763\/1\" rel=\"nofollow noopener\" target=\"_blank\">seus passeios bem &#8220;gente como a gente&#8221;<\/a>.<\/p>\n<p class=\"text\">&#8220;Um enorme prazer estar com voc\u00eas. A casa \u00e9 de voc\u00eas &#8211; sempre super bem-vindos, de verdade&#8221;, escreveu o apresentador do &#8220;Doming\u00e3o&#8221; que recentemente <a href=\"https:\/\/www.purepeople.com.br\/noticia\/luciano-huck-revela-reacao-dos-filhos-diante-de-mortes-por-violencia-urbana-no-rio-de-janeiro-mostrei-pra-eles_a413186\/1\" rel=\"nofollow noopener\" target=\"_blank\">causou pol\u00eamica ao falar sobre a megaopera\u00e7\u00e3o que deixou mais de 120 mortos<\/a> no Rio de Janeiro.<\/p>\n<p>\n  O que Dua Lipa foi fazer na mans\u00e3o de <a href=\"https:\/\/www.terra.com.br\/tudo-sobre\/angelica\" target=\"_self\" rel=\"nofollow noopener\">Ang\u00e9lica<\/a> e <a href=\"https:\/\/www.terra.com.br\/tudo-sobre\/luciano-huck\" target=\"_self\" rel=\"nofollow noopener\">Luciano Huck<\/a>?\n<\/p>\n<p class=\"text\">Se divertir! Acompanhada pela fam\u00edlia, que tem passado os dias com a cantora no Brasil, Dua Lipa curtiu adoidado o dia de sol com todo o conforto que os apresentadores ofereceram. Entre as atividades do dia, um passeio de barco, com direito a banho de sol em tapetes flutuantes na \u00e1gua, uma partida de sinuca ao ar livre &#8211; e com uma vista espetacular!<\/p>\n<p class=\"text\">Quem fez sucesso e roubou a cena foi <a href=\"https:\/\/www.purepeople.com.br\/noticia\/angelica-sem-maquiagem-faz-foto-fofa-com-cachorros-da-familia-conheca-os-pets_a296515\/1\" rel=\"nofollow noopener\" target=\"_blank\">a goldendoodle Gringa, a pet mais famosa que vive na casa dos artistas<\/a>. Ca\u00e7ula da fam\u00edlia, <a href=\"https:\/\/www.purepeople.com.br\/famosos\/eva-huck_p555054\" rel=\"nofollow noopener\" target=\"_blank\"><strong>Eva Huck<\/strong><\/a>, que j\u00e1 <a href=\"https:\/\/www.purepeople.com.br\/noticia\/filha-de-angelica-e-luciano-huck-danca-e-atua-em-ingles-e-apresentadora-se-derrete-o-palco-ama-minha-eva_a408218\/1\" rel=\"nofollow noopener\" target=\"_blank\">mostra sinais de que vai seguir carreira art\u00edstica<\/a> como os pais, n\u00e3o ficou de fora do encontro e posou para uma foto abra\u00e7ada \u00e0 Dua Lipa. Certa ela!<\/p>\n<p class=\"text\"><strong>Veja todos os detalhes do encontro na galeria de fotos acima!<\/strong><\/p>\n<p>\n  Descubra qual o perfume preferido de Dua Lipa\n<\/p>\n<p class=\"text\">Apesar de apaixonada pelo Brasil, Dua Lipa n\u00e3o escolher uma frag\u00e2ncia do nosso pa\u00eds para chamar de sua. A artista, <a href=\"https:\/\/www.purepeople.com.br\/noticia\/qual-o-perfume-que-bruna-biancardi-usa-gravida-pela-2-vez-de-neymar-influenciadora-gosta-de-fragrancias-importadas-romanticas-e-delicadas_a402760\/1\" rel=\"nofollow noopener\" target=\"_blank\">assim como v\u00e1rios outros famosos<\/a>, tem um perfume int&#8230;<\/p>\n<p class=\"text\"><a href=\"https:\/\/www.purepeople.com.br\/noticia\/angelica-e-luciano-huck-recebem-dua-lipa-em-mansao-luxuosa-no-rio-de-janeiro-e-fotos-roubam-a-cena-veja_a413842\/1\" rel=\"nofollow noopener\" target=\"_blank\">Veja mais<\/a><\/p>\n<p class=\"text\"><b>Mat\u00e9rias relacionadas<\/b><\/p>\n<p class=\"text\"><a href=\"https:\/\/www.purepeople.com.br\/noticia\/filhas-de-gloria-maria-como-estao-laura-e-maria-herdeiras-fazem-rara-aparicao-em-show-de-maria-bethania_a411485\/1\" rel=\"nofollow noopener\" target=\"_blank\">Como est\u00e3o as filhas de Gl\u00f3ria Maria? Em rara apari\u00e7\u00e3o, Laura e Maria prestigiam o show de Maria Beth\u00e2nia no Rio<\/a><\/p>\n<p class=\"text\"><a href=\"https:\/\/www.purepeople.com.br\/noticia\/idade-de-eva-filha-de-luciano-huck-pai-famoso-cita-genetica-da-mae-ao-comparar-filha-a-angelica-sabe-defender-suas-ideias_a411860\/1\" rel=\"nofollow noopener\" target=\"_blank\">&#8216;Gen\u00e9tica da m\u00e3e&#8217;: Eva Huck faz 13 e Luciano Huck cita semelhan\u00e7a da filha com Ang\u00e9lica. &#8216;Sabe defender suas ideias&#8217;<\/a><\/p>\n<p class=\"text\"><a href=\"https:\/\/www.purepeople.com.br\/noticia\/angelica-e-luciano-huck-levam-filhos-para-o-the-town-2025-e-tamanho-de-eva-rouba-a-cena-em-fotos-veja_a411228\/1\" rel=\"nofollow noopener\" target=\"_blank\">Fam\u00edlia reunida! Ang\u00e9lica e Luciano Huck levam filhos para o The Town 2025 e tamanho de Eva rouba a cena em fotos. Veja!<\/a><\/p>\n<p class=\"text\"><a href=\"https:\/\/www.purepeople.com.br\/noticia\/angelica-aos-51-anos-choca-a-web-ao-surgir-em-foto-rara-com-luciano-huck-tirada-ha-22-anos-envelheceu-2-minutos-so_a409525\/1\" rel=\"nofollow noopener\" target=\"_blank\">Aos 51 anos, Ang\u00e9lica impressiona a web ao surgir em foto rara com Luciano Huck tirada h\u00e1 22 anos: &#8216;Envelheceu 2 minutos s\u00f3&#8217;<\/a><\/p>\n<p class=\"text\"><a href=\"https:\/\/www.purepeople.com.br\/noticia\/maisa-de-biquini-apos-garota-do-momento-atriz-envolvida-em-rumores-de-namoro-exibe-corpo-sarado-na-grecia_a409897\/1\" rel=\"nofollow noopener\" target=\"_blank\">Deusa grega! Maisa exibe curvas em biqu\u00edni bordado no mar Egeu e \u00e9 comparada at\u00e9 a Dua Lipa; veja fotos<\/a><\/p>\n","protected":false},"excerpt":{"rendered":"Dua Lipa est\u00e1 curtindo muito a vida no Rio de Janeiro! Neste s\u00e1bado (22), a cantora conheceu a&hellip;\n","protected":false},"author":2,"featured_media":161752,"comment_status":"","ping_status":"","sticky":false,"template":"","format":"standard","meta":{"footnotes":""},"categories":[145],"tags":[211,210,114,115,32,33],"class_list":{"0":"post-161751","1":"post","2":"type-post","3":"status-publish","4":"format-standard","5":"has-post-thumbnail","7":"category-celebridades","8":"tag-celebridades","9":"tag-celebrities","10":"tag-entertainment","11":"tag-entretenimento","12":"tag-portugal","13":"tag-pt"},"share_on_mastodon":{"url":"https:\/\/pubeurope.com\/@pt\/115596649282557788","error":""},"_links":{"self":[{"href":"https:\/\/www.europesays.com\/pt\/wp-json\/wp\/v2\/posts\/161751","targetHints":{"allow":["GET"]}}],"collection":[{"href":"https:\/\/www.europesays.com\/pt\/wp-json\/wp\/v2\/posts"}],"about":[{"href":"https:\/\/www.europesays.com\/pt\/wp-json\/wp\/v2\/types\/post"}],"author":[{"embeddable":true,"href":"https:\/\/www.europesays.com\/pt\/wp-json\/wp\/v2\/users\/2"}],"replies":[{"embeddable":true,"href":"https:\/\/www.europesays.com\/pt\/wp-json\/wp\/v2\/comments?post=161751"}],"version-history":[{"count":0,"href":"https:\/\/www.europesays.com\/pt\/wp-json\/wp\/v2\/posts\/161751\/revisions"}],"wp:featuredmedia":[{"embeddable":true,"href":"https:\/\/www.europesays.com\/pt\/wp-json\/wp\/v2\/media\/161752"}],"wp:attachment":[{"href":"https:\/\/www.europesays.com\/pt\/wp-json\/wp\/v2\/media?parent=161751"}],"wp:term":[{"taxonomy":"category","embeddable":true,"href":"https:\/\/www.europesays.com\/pt\/wp-json\/wp\/v2\/categories?post=161751"},{"taxonomy":"post_tag","embeddable":true,"href":"https:\/\/www.europesays.com\/pt\/wp-json\/wp\/v2\/tags?post=161751"}],"curies":[{"name":"wp","href":"https:\/\/api.w.org\/{rel}","templated":true}]}}