{"id":161755,"date":"2025-11-23T02:35:42","date_gmt":"2025-11-23T02:35:42","guid":{"rendered":"https:\/\/www.europesays.com\/pt\/161755\/"},"modified":"2025-11-23T02:35:42","modified_gmt":"2025-11-23T02:35:42","slug":"ninguem-discorda-compramos-as-botas-mais-giras-deste-inverno-na-parfois","status":"publish","type":"post","link":"https:\/\/www.europesays.com\/pt\/161755\/","title":{"rendered":"Ningu\u00e9m discorda: compr\u00e1mos as botas mais giras deste inverno na Parfois"},"content":{"rendered":"<p>H\u00e1 j\u00e1 algum tempo que queremos umas <a href=\"https:\/\/versa.iol.pt\/botas\/tendencia\/estamos-obcecados-com-estas-botas-retro-eis-as-tres-grandes-tendencias\/20251022\/68f7d7fbd34ee0c2fed1849d\" rel=\"nofollow noopener\" target=\"_blank\">botas de cano alto<\/a>, n\u00e3o fossem uma das tend\u00eancias do ano. Pretas, castanhas ou bord\u00f4, qualquer uma das cores seria bem vinda no nosso guarda-roupa. E eis que&#8230; nos apaixon\u00e1mos por um modelo da Parfois.\u00a0<\/p>\n<p>Falamos das novas botas de cano alto envernizadas e com efeito craquel\u00ea, isto \u00e9,\u00a0aspeto de uma pe\u00e7a antiga ou envelhecida. As botas t\u00eam uma biqueira quadrada fora do comum, para al\u00e9m de sola\u00a0de poliuretano termopl\u00e1stico e tac\u00e3o com altura 2 cm.<\/p>\n<p>Fora todos estes pormenores, o que nos conquistou mesmo foi a cor, bord\u00f4, que certamente tornar\u00e1 marcante qualquer look. Com saias, cal\u00e7as ou vestidos, estas botas s\u00e3o vers\u00e1teis e prometem ser o nosso melhor amigo deste inverno.\u00a0<\/p>\n<p>At\u00e9 agora, os elogios fizeram valer este artigo e ningu\u00e9m parece discordar que este modelo \u00e9 ideal para esta esta\u00e7\u00e3o.<\/p>\n<p>O modelo custa \u20ac59,99. Mostramos as botas na galeria de imagens, enter outras que tamb\u00e9m s\u00e3o tend\u00eancia neste inverno.<br \/>\u00a0<\/p>\n","protected":false},"excerpt":{"rendered":"H\u00e1 j\u00e1 algum tempo que queremos umas botas de cano alto, n\u00e3o fossem uma das tend\u00eancias do ano.&hellip;\n","protected":false},"author":2,"featured_media":161756,"comment_status":"","ping_status":"","sticky":false,"template":"","format":"standard","meta":{"footnotes":""},"categories":[85],"tags":[1081,10049,204,114,115,754,186,1079,16154,32,33,1078,1080],"class_list":{"0":"post-161755","1":"post","2":"type-post","3":"status-publish","4":"format-standard","5":"has-post-thumbnail","7":"category-entretenimento","8":"tag-beleza","9":"tag-botas","10":"tag-design","11":"tag-entertainment","12":"tag-entretenimento","13":"tag-gastronomia","14":"tag-lifestyle","15":"tag-moda","16":"tag-parfois","17":"tag-portugal","18":"tag-pt","19":"tag-versa","20":"tag-viagens"},"share_on_mastodon":{"url":"https:\/\/pubeurope.com\/@pt\/115596684373715114","error":""},"_links":{"self":[{"href":"https:\/\/www.europesays.com\/pt\/wp-json\/wp\/v2\/posts\/161755","targetHints":{"allow":["GET"]}}],"collection":[{"href":"https:\/\/www.europesays.com\/pt\/wp-json\/wp\/v2\/posts"}],"about":[{"href":"https:\/\/www.europesays.com\/pt\/wp-json\/wp\/v2\/types\/post"}],"author":[{"embeddable":true,"href":"https:\/\/www.europesays.com\/pt\/wp-json\/wp\/v2\/users\/2"}],"replies":[{"embeddable":true,"href":"https:\/\/www.europesays.com\/pt\/wp-json\/wp\/v2\/comments?post=161755"}],"version-history":[{"count":0,"href":"https:\/\/www.europesays.com\/pt\/wp-json\/wp\/v2\/posts\/161755\/revisions"}],"wp:featuredmedia":[{"embeddable":true,"href":"https:\/\/www.europesays.com\/pt\/wp-json\/wp\/v2\/media\/161756"}],"wp:attachment":[{"href":"https:\/\/www.europesays.com\/pt\/wp-json\/wp\/v2\/media?parent=161755"}],"wp:term":[{"taxonomy":"category","embeddable":true,"href":"https:\/\/www.europesays.com\/pt\/wp-json\/wp\/v2\/categories?post=161755"},{"taxonomy":"post_tag","embeddable":true,"href":"https:\/\/www.europesays.com\/pt\/wp-json\/wp\/v2\/tags?post=161755"}],"curies":[{"name":"wp","href":"https:\/\/api.w.org\/{rel}","templated":true}]}}