{"id":161757,"date":"2025-11-23T02:45:10","date_gmt":"2025-11-23T02:45:10","guid":{"rendered":"https:\/\/www.europesays.com\/pt\/161757\/"},"modified":"2025-11-23T02:45:10","modified_gmt":"2025-11-23T02:45:10","slug":"xuxa-meneghel-relembra-episodio-de-duende-estava-limpa-22-11-2025-celebridades","status":"publish","type":"post","link":"https:\/\/www.europesays.com\/pt\/161757\/","title":{"rendered":"Xuxa Meneghel relembra epis\u00f3dio de duende: &#8216;Estava limpa&#8217; &#8211; 22\/11\/2025 &#8211; Celebridades"},"content":{"rendered":"<p>\n<strong class=\"c-signature__location\">Rio de Janeiro<\/strong>\n<\/p>\n<p><a href=\"https:\/\/www1.folha.uol.com.br\/folha-topicos\/xuxa\/\" rel=\"nofollow noopener\" target=\"\">Xuxa Meneghel<\/a>, 62, contou novos detalhes sobre<a href=\"https:\/\/m.folha.uol.com.br\/ilustrada\/2009\/03\/541257-aos-46-anos-xuxa-diz-que-ainda-acredita-em-duendes.shtml\" rel=\"nofollow noopener\" target=\"\"> o encontro com um duende <\/a>que afirma ter acontecido no final dos anos 1990. A apresentadora disse que a experi\u00eancia, desacreditada por muitos, a mudou completamente e passou a acreditar em tudo. &#8220;N\u00e3o bebo, n\u00e3o fumo, todo mundo sabe. Eu estava limpa, total&#8221;, disse a m\u00e3e de Sasha refor\u00e7ando que estava s\u00f3bria e l\u00facida.<\/p>\n","protected":false},"excerpt":{"rendered":"Rio de Janeiro Xuxa Meneghel, 62, contou novos detalhes sobre o encontro com um duende que afirma ter&hellip;\n","protected":false},"author":2,"featured_media":161758,"comment_status":"","ping_status":"","sticky":false,"template":"","format":"standard","meta":{"footnotes":""},"categories":[145],"tags":[219,211,210,223,114,115,224,225,226,221,220,222,32,33,218,228,227,5531,2750,2757],"class_list":{"0":"post-161757","1":"post","2":"type-post","3":"status-publish","4":"format-standard","5":"has-post-thumbnail","7":"category-celebridades","8":"tag-bichos","9":"tag-celebridades","10":"tag-celebrities","11":"tag-colunistas","12":"tag-entertainment","13":"tag-entretenimento","14":"tag-estranho","15":"tag-eu-amo","16":"tag-fofices","17":"tag-horoscopo","18":"tag-humanos","19":"tag-humor","20":"tag-portugal","21":"tag-pt","22":"tag-televisao","23":"tag-tudo","24":"tag-videos","25":"tag-voc-viu","26":"tag-xuxa","27":"tag-xuxa-meneghel"},"share_on_mastodon":{"url":"https:\/\/pubeurope.com\/@pt\/115596723723552874","error":""},"_links":{"self":[{"href":"https:\/\/www.europesays.com\/pt\/wp-json\/wp\/v2\/posts\/161757","targetHints":{"allow":["GET"]}}],"collection":[{"href":"https:\/\/www.europesays.com\/pt\/wp-json\/wp\/v2\/posts"}],"about":[{"href":"https:\/\/www.europesays.com\/pt\/wp-json\/wp\/v2\/types\/post"}],"author":[{"embeddable":true,"href":"https:\/\/www.europesays.com\/pt\/wp-json\/wp\/v2\/users\/2"}],"replies":[{"embeddable":true,"href":"https:\/\/www.europesays.com\/pt\/wp-json\/wp\/v2\/comments?post=161757"}],"version-history":[{"count":0,"href":"https:\/\/www.europesays.com\/pt\/wp-json\/wp\/v2\/posts\/161757\/revisions"}],"wp:featuredmedia":[{"embeddable":true,"href":"https:\/\/www.europesays.com\/pt\/wp-json\/wp\/v2\/media\/161758"}],"wp:attachment":[{"href":"https:\/\/www.europesays.com\/pt\/wp-json\/wp\/v2\/media?parent=161757"}],"wp:term":[{"taxonomy":"category","embeddable":true,"href":"https:\/\/www.europesays.com\/pt\/wp-json\/wp\/v2\/categories?post=161757"},{"taxonomy":"post_tag","embeddable":true,"href":"https:\/\/www.europesays.com\/pt\/wp-json\/wp\/v2\/tags?post=161757"}],"curies":[{"name":"wp","href":"https:\/\/api.w.org\/{rel}","templated":true}]}}