{"id":161768,"date":"2025-11-23T03:12:15","date_gmt":"2025-11-23T03:12:15","guid":{"rendered":"https:\/\/www.europesays.com\/pt\/161768\/"},"modified":"2025-11-23T03:12:15","modified_gmt":"2025-11-23T03:12:15","slug":"ex-presidente-do-brasil-e-preso-preventivamente","status":"publish","type":"post","link":"https:\/\/www.europesays.com\/pt\/161768\/","title":{"rendered":"Ex-presidente do Brasil \u00e9 Preso Preventivamente"},"content":{"rendered":"\n<p>Bolsonaro foi levado pelas 6h00 locais para a Superintend\u00eancia da PF, <strong>sem oferecer qualquer resist\u00eancia<\/strong>, segundo fontes policiais citadas pela Globo News.\u00a0<strong>A pris\u00e3o foi motivada pela necessidade de &#8220;garantir a ordem p\u00fablica&#8221;, depois de, na sexta-feira, um dos filhos de Bolsonaro, o senador Fl\u00e1vio Bolsonaro, ter convocado uma vig\u00edlia de apoio ao ex-presidente<\/strong> \u00e0 porta de casa deste num v\u00eddeo em que pergunta aos apoiantes do pai se v\u00e3o acompanhar a situa\u00e7\u00e3o no conforto de casa pelo telem\u00f3vel ou se v\u00e3o &#8220;tomar uma atitude&#8221;. A manifesta\u00e7\u00e3o, diz Fl\u00e1vio, tinha como objetivo \u201clutar pela volta da democracia ao Brasil\u201d.\u00a0<\/p>\n<p><strong>Segundo Alexandre de Moraes, a vig\u00edlia tinha como inten\u00e7\u00e3o perturbar a ordem p\u00fablica e prejudicar a atua\u00e7\u00e3o da pol\u00edcia no caso de uma a\u00e7\u00e3o no local. Al\u00e9m disso, representava \u201crisco de fuga\u201d.\u00a0<\/strong><\/p>\n<p>Na decis\u00e3o, Moraes cita o caso de Alexandre Ramagem, outro dos j\u00e1 condenados por golpe de estado, gravado nesta semana na Florida, nos EUA, sem aviso ao tribunal. E o de Carla Zambelli, deputada bolsonarista condenada noutro caso, que escapou para It\u00e1lia, tamb\u00e9m via Florida.\u00a0Al\u00e9m disso, h\u00e1 registo de uma tentativa de fuga do pr\u00f3prio Bolsonaro, que chegou a dormir duas noites em fevereiro de 2024 na embaixada da Hungria, a apenas 13 km de dist\u00e2ncia do condom\u00ednio do ex-presidente, com o objetivo, \u00e0 \u00e9poca, de pedir asilo ao governo do aliado Viktor Orban. A defesa de Bolsonaro negou a inten\u00e7\u00e3o de fuga, na altura.<\/p>\n<p>Por outro lado, o juiz do STF diz que \u00e0s 00:08 j\u00e1 deste s\u00e1bado, 22, \u201co Centro de Integra\u00e7\u00e3o de Monitora\u00e7\u00e3o Integrada do Distrito Federal comunicou a esta corte a ocorr\u00eancia de <strong>viola\u00e7\u00e3o do equipamento de monitoramento eletr\u00f3nico do r\u00e9u Jair Messias Bolsonaro\u201d.<\/strong>\u00a0\u201cA informa\u00e7\u00e3o\u201d, continua Moraes, \u201cconstata a <strong>inten\u00e7\u00e3o do condenado de romper a tornozeleira\u00a0eletr\u00f3nica\u00a0para garantir \u00eaxito na sua fuga, facilitada pela confus\u00e3o causada pela manifesta\u00e7\u00e3o convocada pelo filho<\/strong>\u201d.<\/p>\n<p>Esta j\u00e1 \u00e9 a segunda vez que a\u00e7\u00f5es de Fl\u00e1vio Bolsonaro precipitam o endurecimento de medidas preventivas contra o pai. Em mar\u00e7o deste ano, o senador discursava em manifesta\u00e7\u00e3o em Copacabana, no Rio de Janeiro, a favor de uma amnistia a Bolsonaro e demais condenados no \u00e2mbito da tentativa de golpe quando passou a palavra ao pai, ao vivo, na rede social Instagram. Como Bolsonaro estava impedido de usar redes sociais, essa situa\u00e7\u00e3o precipitou a determina\u00e7\u00e3o da pris\u00e3o domiciliar por Moraes.\u00a0\u00a0\u00a0\u00a0<\/p>\n<p><strong>\u201cConfio na justi\u00e7a de Deus porque a humana n\u00e3o se sustenta\u201d, reagiu Michelle Bolsonaro, ex-primeira-dama do Brasil, ap\u00f3s a deten\u00e7\u00e3o deste s\u00e1bado.<\/strong> \u201cMas sei que o Senhor dar\u00e1 o Escape, assim como fez em 2018, quando o meu marido foi v\u00edtima de uma facada\u201d, continuou, entre cita\u00e7\u00f5es b\u00edblicas, via redes sociais. No momento da deten\u00e7\u00e3o, ela estava em Fortaleza, numa a\u00e7\u00e3o do Partido Liberal, a for\u00e7a pol\u00edtica em que o casal milita.<\/p>\n<p><strong>\u201cA lei alcan\u00e7a todos\u201d, escreveu Lindbergh Farias, l\u00edder parlamentar do Partido dos Trabalhadores, o mesmo do presidente Lula da Silva.<\/strong> \u201cO tr\u00e2nsito em julgado se aproxima e abre caminho para o in\u00edcio do cumprimento da pena. Bolsonaro preso\u201d, completou.\u00a0\u00a0<\/p>\n<p><strong>Bolsonaro deve ficar preso numa sala da Superintend\u00eancia da PF em Bras\u00edlia, com direito a cama, casa de banho e mesa de trabalho.<\/strong> O ex-presidente, que vem apresentando problemas de sa\u00fade, <strong>ter\u00e1 direito a atendimento m\u00e9dico em tempo integral,<\/strong> decidiu ainda Moraes. O maior temor de Bolsonaro \u00e9 vir a cumprir a pena definitiva da Papuda, pris\u00e3o tamb\u00e9m em Bras\u00edlia com 6000 detidos mas lota\u00e7\u00e3o para apenas 3500.<\/p>\n<p>O pol\u00edtico de extrema-direita \u00e9 o quarto ex-presidente do Brasil a ser preso desde a redemocratiza\u00e7\u00e3o, depois de Lula, Michel Temer e Collor de Mello.\u00a0\u00a0\u00a0\u00a0<\/p>\n<p>Esta deten\u00e7\u00e3o, preventiva, acontece nas v\u00e9speras de Jair Bolsonaro come\u00e7ar a cumprir pena, uma vez que os recursos apresentados pela defesa j\u00e1 est\u00e3o esgotados.\u00a0<strong>O ex-presidente do Brasil foi condenado a 27 anos e tr\u00eas meses pela tentativa de golpe de Estado ap\u00f3s a derrota nas elei\u00e7\u00f5es de 2022.<\/strong> Est\u00e1 em pris\u00e3o domicili\u00e1ria desde 4 de agosto e proibido de fazer declara\u00e7\u00f5es p\u00fablicas e coment\u00e1rios nas redes sociais.<\/p>\n<p>Ap\u00f3s a deten\u00e7\u00e3o, o juiz do Supremo negou o pedido da defesa do ex-presidente Jair Bolsonaro para conceder pris\u00e3o domicili\u00e1ria humanit\u00e1ria.<\/p>\n","protected":false},"excerpt":{"rendered":"Bolsonaro foi levado pelas 6h00 locais para a Superintend\u00eancia da PF, sem oferecer qualquer resist\u00eancia, segundo fontes policiais&hellip;\n","protected":false},"author":2,"featured_media":161769,"comment_status":"","ping_status":"","sticky":false,"template":"","format":"standard","meta":{"footnotes":""},"categories":[50],"tags":[1543,726,27,28,15,16,14,1125,25,26,21,22,62,12,13,19,20,23,24,17,18,29,30,31,63,64,65],"class_list":{"0":"post-161768","1":"post","2":"type-post","3":"status-publish","4":"format-standard","5":"has-post-thumbnail","7":"category-mundo","8":"tag-bolsonaro","9":"tag-brasil","10":"tag-breaking-news","11":"tag-breakingnews","12":"tag-featured-news","13":"tag-featurednews","14":"tag-headlines","15":"tag-jair-bolsonaro","16":"tag-latest-news","17":"tag-latestnews","18":"tag-main-news","19":"tag-mainnews","20":"tag-mundo","21":"tag-news","22":"tag-noticias","23":"tag-noticias-principais","24":"tag-noticiasprincipais","25":"tag-principais-noticias","26":"tag-principaisnoticias","27":"tag-top-stories","28":"tag-topstories","29":"tag-ultimas","30":"tag-ultimas-noticias","31":"tag-ultimasnoticias","32":"tag-world","33":"tag-world-news","34":"tag-worldnews"},"share_on_mastodon":{"url":"https:\/\/pubeurope.com\/@pt\/115596830001296406","error":""},"_links":{"self":[{"href":"https:\/\/www.europesays.com\/pt\/wp-json\/wp\/v2\/posts\/161768","targetHints":{"allow":["GET"]}}],"collection":[{"href":"https:\/\/www.europesays.com\/pt\/wp-json\/wp\/v2\/posts"}],"about":[{"href":"https:\/\/www.europesays.com\/pt\/wp-json\/wp\/v2\/types\/post"}],"author":[{"embeddable":true,"href":"https:\/\/www.europesays.com\/pt\/wp-json\/wp\/v2\/users\/2"}],"replies":[{"embeddable":true,"href":"https:\/\/www.europesays.com\/pt\/wp-json\/wp\/v2\/comments?post=161768"}],"version-history":[{"count":0,"href":"https:\/\/www.europesays.com\/pt\/wp-json\/wp\/v2\/posts\/161768\/revisions"}],"wp:featuredmedia":[{"embeddable":true,"href":"https:\/\/www.europesays.com\/pt\/wp-json\/wp\/v2\/media\/161769"}],"wp:attachment":[{"href":"https:\/\/www.europesays.com\/pt\/wp-json\/wp\/v2\/media?parent=161768"}],"wp:term":[{"taxonomy":"category","embeddable":true,"href":"https:\/\/www.europesays.com\/pt\/wp-json\/wp\/v2\/categories?post=161768"},{"taxonomy":"post_tag","embeddable":true,"href":"https:\/\/www.europesays.com\/pt\/wp-json\/wp\/v2\/tags?post=161768"}],"curies":[{"name":"wp","href":"https:\/\/api.w.org\/{rel}","templated":true}]}}