{"id":161778,"date":"2025-11-23T03:27:12","date_gmt":"2025-11-23T03:27:12","guid":{"rendered":"https:\/\/www.europesays.com\/pt\/161778\/"},"modified":"2025-11-23T03:27:12","modified_gmt":"2025-11-23T03:27:12","slug":"e-verdade-que-50-dos-portugueses-usufruem-de-seguros-de-saude-poligrafo","status":"publish","type":"post","link":"https:\/\/www.europesays.com\/pt\/161778\/","title":{"rendered":"\u00c9 verdade que 50% dos portugueses usufruem de seguros de sa\u00fade? \u2013 Pol\u00edgrafo"},"content":{"rendered":"<p>\u201cEnquanto 50% dos portugueses pagam seguros de sa\u00fade para n\u00e3o morrerem nas antec\u00e2maras da morte lenta do SNS, incluindo os pol\u00edticos dessas esquerdalhas; as trafulhices continuam com a coniv\u00eancia passiva da Ordem dos M\u00e9dicos e dos Governos\u201d. A acusa\u00e7\u00e3o \u00e9 feita numa publica\u00e7\u00e3o de Facebook, datada de 20 de novembro.<\/p>\n<p><a href=\"https:\/\/www.europesays.com\/pt\/wp-content\/uploads\/2025\/11\/40159131-0d85-481a-9c89-a457424b505d.jpeg\"><img fetchpriority=\"high\" decoding=\"async\" class=\"alignnone wp-image-88410 size-full\" src=\"https:\/\/www.europesays.com\/pt\/wp-content\/uploads\/2025\/11\/40159131-0d85-481a-9c89-a457424b505d.jpeg\" alt=\"\" width=\"1015\" height=\"430\"  \/><\/a><\/p>\n<p>Mas ser\u00e1 verdade que metade dos portugueses t\u00eam seguros de sa\u00fade?<\/p>\n<p>Segundo o <a href=\"https:\/\/cnsaude.pt\/wp-content\/uploads\/radis-2025.pdf\" rel=\"nofollow noopener\" target=\"_blank\">RADIS \u2013 Relat\u00f3rio de Avalia\u00e7\u00e3o de Desempenho e Impacto do Sistema de Sa\u00fade<\/a>, da Conven\u00e7\u00e3o Nacional da Sa\u00fade, em 2024 \u201cmais de metade da popula\u00e7\u00e3o tinha <strong>algum tipo de seguro, plano ou subsistema (58%)<\/strong>\u201d.<\/p>\n<p>Apesar de este n\u00famero ser pr\u00f3ximo dos 50% indicados na publica\u00e7\u00e3o, <b>engloba tamb\u00e9m<\/b> os portugueses que usufruiam de outros planos ou subsistemas e <strong>n\u00e3o apenas<\/strong> de seguros.<\/p>\n<p>De acordo com dados do <a href=\"https:\/\/observatoriosegurossaude.pt\/\" rel=\"nofollow noopener\" target=\"_blank\">Observat\u00f3rio dos Seguros de Sa\u00fade<\/a>, uma plataforma da Autoridade de Supervis\u00e3o de Seguros e Fundos de Pens\u00f5es (ASF), em 2024 havia 4.060.378 pessoas com seguros de sa\u00fade. <b>Cerca de quatro milh\u00f5es.<\/b><\/p>\n<p>O <a href=\"https:\/\/www.ine.pt\/xportal\/xmain?DESTAQUESdest_boui=707078398&amp;DESTAQUESmodo=2&amp;xlang=pt&amp;xpgid=ine_destaques&amp;xpid=INE\" rel=\"nofollow noopener\" target=\"_blank\">Instituto Nacional de Estat\u00edstica (INE)<\/a> estima que a 31 de dezembro de 2024 existiam em Portugal 10.749.635 pessoas. Ou seja, o n\u00famero de portugueses com seguros de sa\u00fade rondava os 37,8% do total, <b>pouco mais de um ter\u00e7o<\/b>.<\/p>\n<p>Considera-se, portanto, que a publica\u00e7\u00e3o peca por <b>falta de contexto<\/b>. A percentagem que ronda os 50% (em rigor, 58%) abrange pessoas com seguros de sa\u00fade, mas tamb\u00e9m com outros planos ou subsistemas \u2013 como \u00e9 o caso da ADSE ou da ADM (Assist\u00eancia na Doen\u00e7a aos Militares da For\u00e7as Armadas).<\/p>\n<p>A percentagem de pessoas a usufruir apenas de seguros de sa\u00fade \u00e9 inferior: <strong>cerca de 38%<\/strong>.<\/p>\n<p>_____________________________<\/p>\n<p><strong>Avalia\u00e7\u00e3o do Pol\u00edgrafo:<\/strong><\/p>\n","protected":false},"excerpt":{"rendered":"\u201cEnquanto 50% dos portugueses pagam seguros de sa\u00fade para n\u00e3o morrerem nas antec\u00e2maras da morte lenta do SNS,&hellip;\n","protected":false},"author":2,"featured_media":161779,"comment_status":"","ping_status":"","sticky":false,"template":"","format":"standard","meta":{"footnotes":""},"categories":[10],"tags":[27,28,15,16,14,25,26,21,22,12,13,19,20,32,23,24,33,17,18,29,30,31],"class_list":{"0":"post-161778","1":"post","2":"type-post","3":"status-publish","4":"format-standard","5":"has-post-thumbnail","7":"category-portugal","8":"tag-breaking-news","9":"tag-breakingnews","10":"tag-featured-news","11":"tag-featurednews","12":"tag-headlines","13":"tag-latest-news","14":"tag-latestnews","15":"tag-main-news","16":"tag-mainnews","17":"tag-news","18":"tag-noticias","19":"tag-noticias-principais","20":"tag-noticiasprincipais","21":"tag-portugal","22":"tag-principais-noticias","23":"tag-principaisnoticias","24":"tag-pt","25":"tag-top-stories","26":"tag-topstories","27":"tag-ultimas","28":"tag-ultimas-noticias","29":"tag-ultimasnoticias"},"share_on_mastodon":{"url":"https:\/\/pubeurope.com\/@pt\/115596889050426263","error":""},"_links":{"self":[{"href":"https:\/\/www.europesays.com\/pt\/wp-json\/wp\/v2\/posts\/161778","targetHints":{"allow":["GET"]}}],"collection":[{"href":"https:\/\/www.europesays.com\/pt\/wp-json\/wp\/v2\/posts"}],"about":[{"href":"https:\/\/www.europesays.com\/pt\/wp-json\/wp\/v2\/types\/post"}],"author":[{"embeddable":true,"href":"https:\/\/www.europesays.com\/pt\/wp-json\/wp\/v2\/users\/2"}],"replies":[{"embeddable":true,"href":"https:\/\/www.europesays.com\/pt\/wp-json\/wp\/v2\/comments?post=161778"}],"version-history":[{"count":0,"href":"https:\/\/www.europesays.com\/pt\/wp-json\/wp\/v2\/posts\/161778\/revisions"}],"wp:featuredmedia":[{"embeddable":true,"href":"https:\/\/www.europesays.com\/pt\/wp-json\/wp\/v2\/media\/161779"}],"wp:attachment":[{"href":"https:\/\/www.europesays.com\/pt\/wp-json\/wp\/v2\/media?parent=161778"}],"wp:term":[{"taxonomy":"category","embeddable":true,"href":"https:\/\/www.europesays.com\/pt\/wp-json\/wp\/v2\/categories?post=161778"},{"taxonomy":"post_tag","embeddable":true,"href":"https:\/\/www.europesays.com\/pt\/wp-json\/wp\/v2\/tags?post=161778"}],"curies":[{"name":"wp","href":"https:\/\/api.w.org\/{rel}","templated":true}]}}