{"id":161780,"date":"2025-11-23T03:29:12","date_gmt":"2025-11-23T03:29:12","guid":{"rendered":"https:\/\/www.europesays.com\/pt\/161780\/"},"modified":"2025-11-23T03:29:12","modified_gmt":"2025-11-23T03:29:12","slug":"no-brasil-com-a-filha-pai-de-dua-lipa-faz-sucesso-com-fas-da-cantora-conheca-extra-online","status":"publish","type":"post","link":"https:\/\/www.europesays.com\/pt\/161780\/","title":{"rendered":"No Brasil com a filha, pai de Dua Lipa faz sucesso com f\u00e3s da cantora; conhe\u00e7a &#8211; Extra online"},"content":{"rendered":"<ol>\n<li><a href=\"https:\/\/news.google.com\/rss\/articles\/CBMiygFBVV95cUxQd0xCQ1J2OFNMRm9NN0dZRDRTYjdFUkU4ZFpFclJJQ2xqeThydGFoMEZGM2hhLXBSLVdtM1NweFpfYlhyeXNRVGZINHlQSWk5ZkVMRWx6V2pjdG56Z0Y1cmVWdUpBb3RyNmVDeXZNaU90amtvRE44NlpHMFdNXzlOYXNhZjByYlhzaEhxMEU1MlJBOWZEQTAwOURTOUxqUjF1MlB3dlU0X3FnN2R4LUxrM1hjdTEwSUhTT3JWU1czQjJxc2ZobzVYa1NB0gHYAUFVX3lxTE5JVG94MDVmVWlYSnZxUTVRdWF4akxPTWZFb2w3VVViQnhyZ25LOWFiMTRCY1NRWHhyNkNuaER6LVFaeDVQZ25wS2ZJYjY1OEMwTVdmdDRpcFRMX3Y5RS1BWi1CQzdTV21nNDhBeks1RmlteW1aNDlheVBUN0lrR3BmSU5mWTU1Y2JBRGNEbjNFS2xwbkw2U2VfS183djZuQjVWT2hFWmctaHphRm5SOWVsdHJKVXFiZTlIODJrcERIaXZ5NUUwLS12bHJNZTdGMENDREZydE1DRQ?oc=5\" target=\"_blank\" rel=\"nofollow noopener\">No Brasil com a filha, pai de Dua Lipa faz sucesso com f\u00e3s da cantora; conhe\u00e7a<\/a>&nbsp;&nbsp;Extra online<\/li>\n<li><a href=\"https:\/\/news.google.com\/rss\/articles\/CBMi7wFBVV95cUxOTWZkSncxSWFvVEtGT3FOTmlVZTFIQWFPcjRPZXh1QldlbHNucUxtNWNLSDJacnVRRElfczg3WkVlcGRyLWJEbnBMVkJPc1RPZlhsZEs3RGlKTkROTjhEVmdPTXJCS2FKTkRKdEJzZGFSN0U0VHZDMzYxTjBmRnF2OW9LdnhQTVphMHpORWMtUGM2RS1wVmxRNV9ILXBRX25OaFpWZk5WZ0hHdHJpRnJBT2RPTkFmNmQzLXF6d1BDa0hZTW9fWjFkekppX3pSODdfaFlyd2RldDZQYTlUUXFta05CZkw4XzJjZHUzNFpod9IB_gFBVV95cUxQVjdReG1jSVUwMk5uM2xYak8xSnotNEpTT1YxS0liZjZBQ21XazFENjlNNlN2RGJaYm1qeXNFRzBIUjRtdnJhclI0RDk3Zlg3eDBXaHpJclZqZXo3X3dfdV9hUzRqYlpsYi1RY09CQ255RTlMSC1CM0ZXRl9xd0VwOEhBZHE2OHBoNGFoQXpMZjBmMmhfZlRRVlpIM3ZCMWpwbVd0ZElrTE45bTNrcXkxWjA1NkplbXhEamlabUNkSEdVdnN4MXQ0Mlc4TnRuRjJDWGUtTGVrNEhhSnRocnFXeURXd1Y2RnVPcDJkRHc4ZkRteDFlQzNHQXYtdHBIUQ?oc=5\" target=\"_blank\" rel=\"nofollow noopener\">Em portugu\u00eas, Dua Lipa confessa no palco o seu amor pelo Rio de Janeiro: \u2018Eu nunca mais quero ir embora\u2019<\/a>&nbsp;&nbsp;O Globo<\/li>\n<li><a href=\"https:\/\/news.google.com\/rss\/articles\/CBMiqgFBVV95cUxNd2dvZUp5bFFzQzFKV2VUb1lJVUF4OXVIVVplY0FIdXZ6cmllZGFyTGRMOEJxaEIxWEpWWUVpTEd0THZYTzZCOUJ3bmFhSS1LdzA3eklJMzdJX0NKUVY5Z05KREFFVHkyVzFxOHI0Ykt1UDJGeW9RUkdKNW9tU1V5ZUIyWDUxTXJWdlFURWFlNFJFOG5sWWtPSjAweUV3c2dUbE4tQWMzVFF2UQ?oc=5\" target=\"_blank\" rel=\"nofollow noopener\">O que muda no grupo de samba que tocou com Dua Lipa no Brasil<\/a>&nbsp;&nbsp;VEJA<\/li>\n<li><a href=\"https:\/\/news.google.com\/rss\/articles\/CBMisAFBVV95cUxNX2QxaDFIS1ZoSFlyb2RSLXRsaV9UU0hDeGN2cFg0V2xON1Q2WXBJNk1ObDM1Wi0wVE43YXRzV2I4a3hoTkpFcmZxNElWcW40QUVvZFAzSGNqQXBLUWVDbGpRVG9oX0pfN2ZYd3h2cV8zZ2Vnc05xcGIzXzgtb3VTUFNVY291SU1CUlFPaTM1LXFOeG4zeFZlZ3pLdUcwSmllVUdkbDN6YzJ5dmxZb0VIcg?oc=5\" target=\"_blank\" rel=\"nofollow noopener\">Caetano, que estar\u00e1 no Estilo Brasil, vibra com encontro com Dua Lipa<\/a>&nbsp;&nbsp;Metr\u00f3poles<\/li>\n<li><a href=\"https:\/\/news.google.com\/rss\/articles\/CBMimwFBVV95cUxOU3A2OXVKWHFteWxKUDQ4alYybFZOU3RzWjl5TlRhMktSZjRrd2xrZnFwaU5yRmtWd2xORlBSeHNJWF83NDlmZThlemlWdjhsSmN6Slp1N3p6akk1eF9KQ25DaVNOQVpFOVFwN1p3OXU5NWQ1OUxTVV82Qm5DeFhRZ1BpUEFFTUpBUEl3X2dfN0VvSVRLVHJoQS1sVQ?oc=5\" target=\"_blank\" rel=\"nofollow noopener\">Dua Lipa abre \u00e1lbum de fotos no Rio: &#8220;No meu cora\u00e7\u00e3o&#8221;<\/a>&nbsp;&nbsp;CNN Brasil<\/li>\n<\/ol>\n","protected":false},"excerpt":{"rendered":"No Brasil com a filha, pai de Dua Lipa faz sucesso com f\u00e3s da cantora; conhe\u00e7a&nbsp;&nbsp;Extra online Em&hellip;\n","protected":false},"author":2,"featured_media":161781,"comment_status":"","ping_status":"","sticky":false,"template":"","format":"standard","meta":{"footnotes":""},"categories":[145],"tags":[211,210,114,115,32,33],"class_list":{"0":"post-161780","1":"post","2":"type-post","3":"status-publish","4":"format-standard","5":"has-post-thumbnail","7":"category-celebridades","8":"tag-celebridades","9":"tag-celebrities","10":"tag-entertainment","11":"tag-entretenimento","12":"tag-portugal","13":"tag-pt"},"share_on_mastodon":{"url":"https:\/\/pubeurope.com\/@pt\/115596896698716314","error":""},"_links":{"self":[{"href":"https:\/\/www.europesays.com\/pt\/wp-json\/wp\/v2\/posts\/161780","targetHints":{"allow":["GET"]}}],"collection":[{"href":"https:\/\/www.europesays.com\/pt\/wp-json\/wp\/v2\/posts"}],"about":[{"href":"https:\/\/www.europesays.com\/pt\/wp-json\/wp\/v2\/types\/post"}],"author":[{"embeddable":true,"href":"https:\/\/www.europesays.com\/pt\/wp-json\/wp\/v2\/users\/2"}],"replies":[{"embeddable":true,"href":"https:\/\/www.europesays.com\/pt\/wp-json\/wp\/v2\/comments?post=161780"}],"version-history":[{"count":0,"href":"https:\/\/www.europesays.com\/pt\/wp-json\/wp\/v2\/posts\/161780\/revisions"}],"wp:featuredmedia":[{"embeddable":true,"href":"https:\/\/www.europesays.com\/pt\/wp-json\/wp\/v2\/media\/161781"}],"wp:attachment":[{"href":"https:\/\/www.europesays.com\/pt\/wp-json\/wp\/v2\/media?parent=161780"}],"wp:term":[{"taxonomy":"category","embeddable":true,"href":"https:\/\/www.europesays.com\/pt\/wp-json\/wp\/v2\/categories?post=161780"},{"taxonomy":"post_tag","embeddable":true,"href":"https:\/\/www.europesays.com\/pt\/wp-json\/wp\/v2\/tags?post=161780"}],"curies":[{"name":"wp","href":"https:\/\/api.w.org\/{rel}","templated":true}]}}