{"id":161793,"date":"2025-11-23T04:22:15","date_gmt":"2025-11-23T04:22:15","guid":{"rendered":"https:\/\/www.europesays.com\/pt\/161793\/"},"modified":"2025-11-23T04:22:15","modified_gmt":"2025-11-23T04:22:15","slug":"aliados-de-kiev-dizem-que-plano-de-trump-para-a-ucrania-precisa-de-ser-trabalhado","status":"publish","type":"post","link":"https:\/\/www.europesays.com\/pt\/161793\/","title":{"rendered":"Aliados de Kiev dizem que plano de Trump para a Ucr\u00e2nia &#8220;precisa de ser trabalhado&#8221;"},"content":{"rendered":"<p>Deixados de fora da elabora\u00e7\u00e3o do <strong>novo plano de paz para a Ucr\u00e2nia<\/strong>, mais de uma dezena de l\u00edderes &#8211; sobretudo europeus &#8211; mostraram preocupa\u00e7\u00e3o<a href=\"https:\/\/expresso.pt\/internacional\/guerra-na-ucrania\/2025-11-21-os-28-pontos-do-plano-de-paz-dos-eua-para-a-ucrania-entre-a-capitulacao-e-o-menor-dos-males-o-documento-e-mais-complexo-do-que-parecia-ddebebd0\" target=\"_blank\" rel=\"noopener noreferrer nofollow\"> com v\u00e1rias das 28 condi\u00e7\u00f5es propostas por Donald Trump.<\/a> Afirmam que \u00e9 necess\u00e1rio &#8220;trabalho adicional&#8221; e que <strong>a Europa tamb\u00e9m tem de estar envolvida nas negocia\u00e7\u00f5es<\/strong>, sobretudo nas que t\u00eam impacto direto na UE. <\/p>\n<p>&#8220;O esbo\u00e7o inicial do plano de 28 pontos inclui elementos importantes que ser\u00e3o essenciais para uma paz justa e duradoura. Acreditamos, portanto, que o esbo\u00e7o \u00e9 uma base que exigir\u00e1 trabalho adicional&#8221;, pode ler-se na declara\u00e7\u00e3o que saiu da reuni\u00e3o \u00e0 margem da Cimeira do G20, na \u00c1frica do Sul, assinada por pelos l\u00edderes de Alemanha, Fran\u00e7a, It\u00e1lia, Pol\u00f3nia, Espanha, Pa\u00edses Baixos, Irlanda, Finl\u00e2ndia, Reino Unido, Canad\u00e1, Noruega e Jap\u00e3o.<\/p>\n<p>A declara\u00e7\u00e3o evita a palavra &#8220;inaceit\u00e1vel&#8221; e n\u00e3o hostiliza o presidente norte-americano, mas deixa claro que v\u00e1rios pontos do plano n\u00e3o s\u00e3o do agrado dos europeus e outros aliados de Kiev. <\/p>\n<p>Entre as principais preocupa\u00e7\u00f5es est\u00e1 a exig\u00eancia que prev\u00ea a limita\u00e7\u00e3o do ex\u00e9rcito ucraniano a 600 mil homens &#8211; atualmente s\u00e3o mais de 800 mil -, o ponto que oferece \u00e0 R\u00fassia a Crimeia e o controlo do Donbas e a ainda a proibi\u00e7\u00e3o de ades\u00e3o da Ucr\u00e2nia \u00e0 NATO.  <\/p>\n<p>&#8220;Somos claros quanto ao princ\u00edpio de que as fronteiras n\u00e3o devem ser alteradas pela for\u00e7a. Tamb\u00e9m estamos preocupados com as limita\u00e7\u00f5es propostas \u00e0s for\u00e7as armadas da Ucr\u00e2nia, que deixariam o pa\u00eds vulner\u00e1vel a futuros ataques&#8221;, diz a declara\u00e7\u00e3o que \u00e9 tamb\u00e9m assinada pelos presidentes do Conselho Europeu, Ant\u00f3nio Costa, e da Comiss\u00e3o Europeia, Ursula Von der Leyen. <\/p>\n<p>A reuni\u00e3o entre <a href=\"https:\/\/expresso.pt\/internacional\/2025-11-22-aliados-de-kiev-aproveitam-cimeira-do-g20-para-discutir-plano-de-paz-trump-boicota-evento-na-africa-do-sul-que-acusa-de-genocidio-branco-4e926285\" target=\"_blank\" rel=\"noopener noreferrer nofollow\">os 12 l\u00edderes \u00e0 margem do G20 foi convocada por Costa<\/a>, que quer agora discutir a Ucr\u00e2nia com os 27 l\u00edderes europeus, na segunda-feira, \u00e0 margem da Cimeira entre a UE e Uni\u00e3o Africana, que decorre em Luanda. <strong>&#8220;Dado que os acontecimentos se desenrolam a grande velocidade, o Presidente Costa salientou a import\u00e2ncia de uma abordagem centrada e coordenada por parte dos pa\u00edses com posi\u00e7\u00f5es semelhantes&#8221;<\/strong>, adiantou fonte europeia ao <strong>Expresso<\/strong>.  <\/p>\n<p>O plano de paz de Trump, tal como est\u00e1, impede a ades\u00e3o da Ucr\u00e2nia \u00e0 NATO, mas aprova a ades\u00e3o do pa\u00eds \u00e0 UE, concedendo acesso preferencial ao mercado europeu no curto prazo. As condi\u00e7\u00f5es n\u00e3o foram previamente discutidas, nem com os aliados da NATO, nem com os europeus e \u00e9 tamb\u00e9m por isso que a declara\u00e7\u00e3o \u00e0 margem do G20 lembra que &#8220;os elementos relacionados com a NATO e a UE t\u00eam de ser vistos com os respetivos membros&#8221;.<\/p>\n","protected":false},"excerpt":{"rendered":"Deixados de fora da elabora\u00e7\u00e3o do novo plano de paz para a Ucr\u00e2nia, mais de uma dezena de&hellip;\n","protected":false},"author":2,"featured_media":161794,"comment_status":"","ping_status":"","sticky":false,"template":"","format":"standard","meta":{"footnotes":""},"categories":[50],"tags":[27,28,15,16,14,25,26,21,22,62,12,13,19,20,23,24,17,18,29,30,31,63,64,65],"class_list":{"0":"post-161793","1":"post","2":"type-post","3":"status-publish","4":"format-standard","5":"has-post-thumbnail","7":"category-mundo","8":"tag-breaking-news","9":"tag-breakingnews","10":"tag-featured-news","11":"tag-featurednews","12":"tag-headlines","13":"tag-latest-news","14":"tag-latestnews","15":"tag-main-news","16":"tag-mainnews","17":"tag-mundo","18":"tag-news","19":"tag-noticias","20":"tag-noticias-principais","21":"tag-noticiasprincipais","22":"tag-principais-noticias","23":"tag-principaisnoticias","24":"tag-top-stories","25":"tag-topstories","26":"tag-ultimas","27":"tag-ultimas-noticias","28":"tag-ultimasnoticias","29":"tag-world","30":"tag-world-news","31":"tag-worldnews"},"share_on_mastodon":{"url":"https:\/\/pubeurope.com\/@pt\/115597105139097832","error":""},"_links":{"self":[{"href":"https:\/\/www.europesays.com\/pt\/wp-json\/wp\/v2\/posts\/161793","targetHints":{"allow":["GET"]}}],"collection":[{"href":"https:\/\/www.europesays.com\/pt\/wp-json\/wp\/v2\/posts"}],"about":[{"href":"https:\/\/www.europesays.com\/pt\/wp-json\/wp\/v2\/types\/post"}],"author":[{"embeddable":true,"href":"https:\/\/www.europesays.com\/pt\/wp-json\/wp\/v2\/users\/2"}],"replies":[{"embeddable":true,"href":"https:\/\/www.europesays.com\/pt\/wp-json\/wp\/v2\/comments?post=161793"}],"version-history":[{"count":0,"href":"https:\/\/www.europesays.com\/pt\/wp-json\/wp\/v2\/posts\/161793\/revisions"}],"wp:featuredmedia":[{"embeddable":true,"href":"https:\/\/www.europesays.com\/pt\/wp-json\/wp\/v2\/media\/161794"}],"wp:attachment":[{"href":"https:\/\/www.europesays.com\/pt\/wp-json\/wp\/v2\/media?parent=161793"}],"wp:term":[{"taxonomy":"category","embeddable":true,"href":"https:\/\/www.europesays.com\/pt\/wp-json\/wp\/v2\/categories?post=161793"},{"taxonomy":"post_tag","embeddable":true,"href":"https:\/\/www.europesays.com\/pt\/wp-json\/wp\/v2\/tags?post=161793"}],"curies":[{"name":"wp","href":"https:\/\/api.w.org\/{rel}","templated":true}]}}