{"id":161805,"date":"2025-11-23T04:53:12","date_gmt":"2025-11-23T04:53:12","guid":{"rendered":"https:\/\/www.europesays.com\/pt\/161805\/"},"modified":"2025-11-23T04:53:12","modified_gmt":"2025-11-23T04:53:12","slug":"marcela-mcgowan-celebra-5-anos-de-relacionamento-com-luiza-martins-primeiro-beijo-magico","status":"publish","type":"post","link":"https:\/\/www.europesays.com\/pt\/161805\/","title":{"rendered":"Marcela McGowan celebra 5 anos de relacionamento com Luiza Martins: &#8216;Primeiro beijo m\u00e1gico&#8217;"},"content":{"rendered":"\n<p class=\" content-text__container \" data-track-category=\"Link no Texto\" data-track-links=\"\"> &#8220;Cinco anos de n\u00f3s \u2764\ufe0f No dia 22\/11\/2020, eu me maquiava no espelho de casa, na playlist rolava S de Saudade (influenciada pela Gi), e no grupo do WhatsApp rec\u00e9m-formado, voc\u00ea agitava um encontro de amigos em S\u00e3o Paulo. Eu decidi ir de \u00faltima hora, sem nenhuma segunda inten\u00e7\u00e3o, eu juro. Fato que durou pouqu\u00edssimo. N\u00e3o seis e foi seu sorriso, seu cheiro bom, sua energia de escorpiana ou tudo junto, mas poucas horas depois, eu s\u00f3 conseguia pensar no quanto queria te beijar&#8221;, iniciou a homenagem. <\/p>\n","protected":false},"excerpt":{"rendered":"&#8220;Cinco anos de n\u00f3s \u2764\ufe0f No dia 22\/11\/2020, eu me maquiava no espelho de casa, na playlist rolava&hellip;\n","protected":false},"author":2,"featured_media":161806,"comment_status":"","ping_status":"","sticky":false,"template":"","format":"standard","meta":{"footnotes":""},"categories":[145],"tags":[211,210,114,115,32,33],"class_list":{"0":"post-161805","1":"post","2":"type-post","3":"status-publish","4":"format-standard","5":"has-post-thumbnail","7":"category-celebridades","8":"tag-celebridades","9":"tag-celebrities","10":"tag-entertainment","11":"tag-entretenimento","12":"tag-portugal","13":"tag-pt"},"share_on_mastodon":{"url":"https:\/\/pubeurope.com\/@pt\/115597227047428024","error":""},"_links":{"self":[{"href":"https:\/\/www.europesays.com\/pt\/wp-json\/wp\/v2\/posts\/161805","targetHints":{"allow":["GET"]}}],"collection":[{"href":"https:\/\/www.europesays.com\/pt\/wp-json\/wp\/v2\/posts"}],"about":[{"href":"https:\/\/www.europesays.com\/pt\/wp-json\/wp\/v2\/types\/post"}],"author":[{"embeddable":true,"href":"https:\/\/www.europesays.com\/pt\/wp-json\/wp\/v2\/users\/2"}],"replies":[{"embeddable":true,"href":"https:\/\/www.europesays.com\/pt\/wp-json\/wp\/v2\/comments?post=161805"}],"version-history":[{"count":0,"href":"https:\/\/www.europesays.com\/pt\/wp-json\/wp\/v2\/posts\/161805\/revisions"}],"wp:featuredmedia":[{"embeddable":true,"href":"https:\/\/www.europesays.com\/pt\/wp-json\/wp\/v2\/media\/161806"}],"wp:attachment":[{"href":"https:\/\/www.europesays.com\/pt\/wp-json\/wp\/v2\/media?parent=161805"}],"wp:term":[{"taxonomy":"category","embeddable":true,"href":"https:\/\/www.europesays.com\/pt\/wp-json\/wp\/v2\/categories?post=161805"},{"taxonomy":"post_tag","embeddable":true,"href":"https:\/\/www.europesays.com\/pt\/wp-json\/wp\/v2\/tags?post=161805"}],"curies":[{"name":"wp","href":"https:\/\/api.w.org\/{rel}","templated":true}]}}