{"id":161813,"date":"2025-11-23T05:41:09","date_gmt":"2025-11-23T05:41:09","guid":{"rendered":"https:\/\/www.europesays.com\/pt\/161813\/"},"modified":"2025-11-23T05:41:09","modified_gmt":"2025-11-23T05:41:09","slug":"guardiola-confronta-cameraman-e-bruno-guimaraes-apos-a-derrota-com-o-newcastle","status":"publish","type":"post","link":"https:\/\/www.europesays.com\/pt\/161813\/","title":{"rendered":"Guardiola confronta cameraman e Bruno Guimar\u00e3es ap\u00f3s a derrota com o Newcastle"},"content":{"rendered":"<p>Os \u00e2nimos aqueceram depois da <a href=\"https:\/\/maisfutebol.iol.pt\/inglaterra\/newcastle-united\/videos-barnes-bisa-no-triunfo-do-newcastle-united-diante-do-manchester-city\" rel=\"nofollow noopener\" target=\"_blank\">derrota do Manchester City no reduto do Newcastle<\/a>. Os jogadores confrontaram-se e Pep Guardiola, t\u00e9cnico dos \u00abcitizens\u00bb, repreendeu Bruno Guimar\u00e3es, capit\u00e3o dos \u00abmagpies\u00bb, naquilo que pareceu uma discuss\u00e3o acesa.<\/p>\n<p>Na flash interview, abordado sobre o assunto, Guardiola relativizou o assunto. \u00abDisse ao Bruno o qu\u00e3o bom ele \u00e9, e sobre a situa\u00e7\u00e3o com Gigio [Donnarumma], expliquei o que aconteceu nas situa\u00e7\u00f5es anteriores. Acho que est\u00e1 tudo bem\u00bb, referiu.<\/p>\n<p>No entanto, o t\u00e9cnico n\u00e3o ficou por aqui. Guardiola foi encarar um cameraman que captou o momento com o m\u00e9dio brasileiro. Uma vez mais, de uma forma que chamou a aten\u00e7\u00e3o dos espectadores.<\/p>\n<blockquote class=\"twitter-tweet\">\n<p lang=\"en\">Pep Guardiola with a cameraman at full-time at St. James\u2019 Park \ud83d\ude33 <a href=\"https:\/\/t.co\/y6QDGi56Xw\" rel=\"nofollow\">pic.twitter.com\/y6QDGi56Xw<\/a><\/p>\n<p> \u2014 ESPN UK (@ESPNUK)<br \/>\n  <a href=\"https:\/\/twitter.com\/ESPNUK\/status\/1992323657679458606?ref_src=twsrc%5Etfw\" rel=\"nofollow noopener\" target=\"_blank\">November 22, 2025<\/a>\n <\/p><\/blockquote>\n<p><a href=\"https:\/\/maisfutebol.iol.pt\/fotogaleria\/692251e7d34e2bd5c6d44e50\/as-imagens-da-confusao-de-pep-guardiola-no-newcastle-manchester-city\" rel=\"nofollow noopener\" target=\"_blank\">Veja todos os eventos na galeria associada.\u00a0<\/a><\/p>\n<p>                                <script async src=\"https:\/\/platform.twitter.com\/widgets.js\" charset=\"utf-8\"><\/script><\/p>\n","protected":false},"excerpt":{"rendered":"Os \u00e2nimos aqueceram depois da derrota do Manchester City no reduto do Newcastle. Os jogadores confrontaram-se e Pep&hellip;\n","protected":false},"author":2,"featured_media":161814,"comment_status":"","ping_status":"","sticky":false,"template":"","format":"standard","meta":{"footnotes":""},"categories":[87],"tags":[34402,135,4238,665,82,46,2960,32,33,47,134,578],"class_list":{"0":"post-161813","1":"post","2":"type-post","3":"status-publish","4":"format-standard","5":"has-post-thumbnail","7":"category-desporto","8":"tag-bruno-guimaraes","9":"tag-desporto","10":"tag-incrivel","11":"tag-inglaterra","12":"tag-internacional","13":"tag-maisfutebol","14":"tag-pep-guardiola","15":"tag-portugal","16":"tag-pt","17":"tag-pura-paixao","18":"tag-sports","19":"tag-video"},"share_on_mastodon":{"url":"https:\/\/pubeurope.com\/@pt\/115597415760903133","error":""},"_links":{"self":[{"href":"https:\/\/www.europesays.com\/pt\/wp-json\/wp\/v2\/posts\/161813","targetHints":{"allow":["GET"]}}],"collection":[{"href":"https:\/\/www.europesays.com\/pt\/wp-json\/wp\/v2\/posts"}],"about":[{"href":"https:\/\/www.europesays.com\/pt\/wp-json\/wp\/v2\/types\/post"}],"author":[{"embeddable":true,"href":"https:\/\/www.europesays.com\/pt\/wp-json\/wp\/v2\/users\/2"}],"replies":[{"embeddable":true,"href":"https:\/\/www.europesays.com\/pt\/wp-json\/wp\/v2\/comments?post=161813"}],"version-history":[{"count":0,"href":"https:\/\/www.europesays.com\/pt\/wp-json\/wp\/v2\/posts\/161813\/revisions"}],"wp:featuredmedia":[{"embeddable":true,"href":"https:\/\/www.europesays.com\/pt\/wp-json\/wp\/v2\/media\/161814"}],"wp:attachment":[{"href":"https:\/\/www.europesays.com\/pt\/wp-json\/wp\/v2\/media?parent=161813"}],"wp:term":[{"taxonomy":"category","embeddable":true,"href":"https:\/\/www.europesays.com\/pt\/wp-json\/wp\/v2\/categories?post=161813"},{"taxonomy":"post_tag","embeddable":true,"href":"https:\/\/www.europesays.com\/pt\/wp-json\/wp\/v2\/tags?post=161813"}],"curies":[{"name":"wp","href":"https:\/\/api.w.org\/{rel}","templated":true}]}}