{"id":161819,"date":"2025-11-23T06:03:16","date_gmt":"2025-11-23T06:03:16","guid":{"rendered":"https:\/\/www.europesays.com\/pt\/161819\/"},"modified":"2025-11-23T06:03:16","modified_gmt":"2025-11-23T06:03:16","slug":"giovanna-ewbank-e-bruno-gagliasso-abrem-album-de-ferias-no-japao","status":"publish","type":"post","link":"https:\/\/www.europesays.com\/pt\/161819\/","title":{"rendered":"Giovanna Ewbank e Bruno Gagliasso abrem \u00e1lbum de f\u00e9rias no Jap\u00e3o"},"content":{"rendered":"<p><strong>Giovanna Ewbank<\/strong>, 39 anos de idade, e\u00a0<strong>Bruno Gagliasso<\/strong>, 43 anos, abriram o \u00e1lbum de fotos das f\u00e9rias em T\u00f3quio, no Jap\u00e3o, e contaram que j\u00e1 planejam retornar ao destino na companhia dos tr\u00eas filhos,\u00a0<strong>T\u00edti<\/strong>, 12 anos,\u00a0<strong>Bless<\/strong>, 10, e<strong>\u00a0Zyan<\/strong>, 5. \u201c\u00c9 normal estar h\u00e1 quatro dias em T\u00f3quio e j\u00e1 estar planejando nossa volta com nossos filhos? Estamos completamente apaixonados pelo Jap\u00e3o! Que lugar \u00e9 esse? T\u00f3quio \u00e9 um universo pr\u00f3prio\u201d, diz o post compartilhado pelo casal neste s\u00e1bado (22).<\/p>\n<p class=\" content-text__container \" data-track-category=\"Link no Texto\" data-track-links=\"\" data-mrf-recirculation=\"Article links\">Os dois contaram como aproveitam a viagem. \u201cAo mesmo tempo que os templos silenciam a mente e acalmam o esp\u00edrito, as ruas nos fazem pulsar, t\u00e3o coloridas, cheias de luz e energia. Cada segundo aqui ensina alguma coisa. Sobre tempo, sobre presen\u00e7a, sobre simplicidade, sobre viver de verdade. E se tem algo que deixa essa viagem ainda mais especial \u00e9 a sensa\u00e7\u00e3o de estar em casa, mesmo do outro lado do mundo.\u201d<\/p>\n","protected":false},"excerpt":{"rendered":"Giovanna Ewbank, 39 anos de idade, e\u00a0Bruno Gagliasso, 43 anos, abriram o \u00e1lbum de fotos das f\u00e9rias em&hellip;\n","protected":false},"author":2,"featured_media":161820,"comment_status":"","ping_status":"","sticky":false,"template":"","format":"standard","meta":{"footnotes":""},"categories":[145],"tags":[211,210,114,115,32,33],"class_list":{"0":"post-161819","1":"post","2":"type-post","3":"status-publish","4":"format-standard","5":"has-post-thumbnail","7":"category-celebridades","8":"tag-celebridades","9":"tag-celebrities","10":"tag-entertainment","11":"tag-entretenimento","12":"tag-portugal","13":"tag-pt"},"share_on_mastodon":{"url":"https:\/\/pubeurope.com\/@pt\/115597502284680463","error":""},"_links":{"self":[{"href":"https:\/\/www.europesays.com\/pt\/wp-json\/wp\/v2\/posts\/161819","targetHints":{"allow":["GET"]}}],"collection":[{"href":"https:\/\/www.europesays.com\/pt\/wp-json\/wp\/v2\/posts"}],"about":[{"href":"https:\/\/www.europesays.com\/pt\/wp-json\/wp\/v2\/types\/post"}],"author":[{"embeddable":true,"href":"https:\/\/www.europesays.com\/pt\/wp-json\/wp\/v2\/users\/2"}],"replies":[{"embeddable":true,"href":"https:\/\/www.europesays.com\/pt\/wp-json\/wp\/v2\/comments?post=161819"}],"version-history":[{"count":0,"href":"https:\/\/www.europesays.com\/pt\/wp-json\/wp\/v2\/posts\/161819\/revisions"}],"wp:featuredmedia":[{"embeddable":true,"href":"https:\/\/www.europesays.com\/pt\/wp-json\/wp\/v2\/media\/161820"}],"wp:attachment":[{"href":"https:\/\/www.europesays.com\/pt\/wp-json\/wp\/v2\/media?parent=161819"}],"wp:term":[{"taxonomy":"category","embeddable":true,"href":"https:\/\/www.europesays.com\/pt\/wp-json\/wp\/v2\/categories?post=161819"},{"taxonomy":"post_tag","embeddable":true,"href":"https:\/\/www.europesays.com\/pt\/wp-json\/wp\/v2\/tags?post=161819"}],"curies":[{"name":"wp","href":"https:\/\/api.w.org\/{rel}","templated":true}]}}