{"id":161823,"date":"2025-11-23T06:09:08","date_gmt":"2025-11-23T06:09:08","guid":{"rendered":"https:\/\/www.europesays.com\/pt\/161823\/"},"modified":"2025-11-23T06:09:08","modified_gmt":"2025-11-23T06:09:08","slug":"real-madrid-na-disposicao-de-pagar-150-milhoes-de-euros-por-internacional-portugues","status":"publish","type":"post","link":"https:\/\/www.europesays.com\/pt\/161823\/","title":{"rendered":"Real Madrid na disposi\u00e7\u00e3o de pagar 150 milh\u00f5es de euros por internacional portugu\u00eas"},"content":{"rendered":"<p>&#8211; Advertisement &#8211;<\/p>\n<p><strong>O Real Madrid est\u00e1 interessado em Vitinha. O clube espanhol pode apresentar uma proposta de 150 milh\u00f5es de euros pelo m\u00e9dio do PSG.<\/strong><\/p>\n<p>O Real Madrid pode vir a pagar 150 milh\u00f5es de euros por Vitinha. Quem o garante \u00e9 o di\u00e1rio Fichajes, que d\u00e1 conta que o clube da La Liga est\u00e1 dispon\u00edvel para pagar o o valor exigido pelo PSG e garantir um refor\u00e7o sonante para o meio-campo.<\/p>\n<p>A mesma fonte refere que o Real Madrid olha para Vitinha como um jogador que poder\u00e1 ser chave para o futuro do clube e que se enquadra na estrat\u00e9gia que a forma\u00e7\u00e3o merengue pretende para as pr\u00f3ximas janelas de transfer\u00eancias.<\/p>\n<p>Vitinha, que tem sido <a href=\"https:\/\/bolanarede.pt\/especial-bola-na-rede\/atualidade\/psg-define-preco-de-vitinha-e-aponta-para-valores-milionarios-apos-interesse-do-real-madrid\/\" target=\"_blank\" rel=\"noreferrer noopener nofollow\">alvo de muita cobi\u00e7a do Real Madrid<\/a>, tem contrato com o PSG at\u00e9 junho de 2029, tendo dois golos e oito assist\u00eancias em 17 jogos nesta \u00e9poca.<\/p>\n","protected":false},"excerpt":{"rendered":"&#8211; Advertisement &#8211; O Real Madrid est\u00e1 interessado em Vitinha. O clube espanhol pode apresentar uma proposta de&hellip;\n","protected":false},"author":2,"featured_media":161824,"comment_status":"","ping_status":"","sticky":false,"template":"","format":"standard","meta":{"footnotes":""},"categories":[87],"tags":[260,135,5705,1767,32,1758,33,2007,134,7331],"class_list":{"0":"post-161823","1":"post","2":"type-post","3":"status-publish","4":"format-standard","5":"has-post-thumbnail","7":"category-desporto","8":"tag-atualidade","9":"tag-desporto","10":"tag-la-liga","11":"tag-ligue-1","12":"tag-portugal","13":"tag-psg","14":"tag-pt","15":"tag-real-madrid","16":"tag-sports","17":"tag-vitinha"},"share_on_mastodon":{"url":"https:\/\/pubeurope.com\/@pt\/115597525845538233","error":""},"_links":{"self":[{"href":"https:\/\/www.europesays.com\/pt\/wp-json\/wp\/v2\/posts\/161823","targetHints":{"allow":["GET"]}}],"collection":[{"href":"https:\/\/www.europesays.com\/pt\/wp-json\/wp\/v2\/posts"}],"about":[{"href":"https:\/\/www.europesays.com\/pt\/wp-json\/wp\/v2\/types\/post"}],"author":[{"embeddable":true,"href":"https:\/\/www.europesays.com\/pt\/wp-json\/wp\/v2\/users\/2"}],"replies":[{"embeddable":true,"href":"https:\/\/www.europesays.com\/pt\/wp-json\/wp\/v2\/comments?post=161823"}],"version-history":[{"count":0,"href":"https:\/\/www.europesays.com\/pt\/wp-json\/wp\/v2\/posts\/161823\/revisions"}],"wp:featuredmedia":[{"embeddable":true,"href":"https:\/\/www.europesays.com\/pt\/wp-json\/wp\/v2\/media\/161824"}],"wp:attachment":[{"href":"https:\/\/www.europesays.com\/pt\/wp-json\/wp\/v2\/media?parent=161823"}],"wp:term":[{"taxonomy":"category","embeddable":true,"href":"https:\/\/www.europesays.com\/pt\/wp-json\/wp\/v2\/categories?post=161823"},{"taxonomy":"post_tag","embeddable":true,"href":"https:\/\/www.europesays.com\/pt\/wp-json\/wp\/v2\/tags?post=161823"}],"curies":[{"name":"wp","href":"https:\/\/api.w.org\/{rel}","templated":true}]}}