{"id":161825,"date":"2025-11-23T06:17:22","date_gmt":"2025-11-23T06:17:22","guid":{"rendered":"https:\/\/www.europesays.com\/pt\/161825\/"},"modified":"2025-11-23T06:17:22","modified_gmt":"2025-11-23T06:17:22","slug":"luana-piovani-prepara-look-especial-para-comemorar-prisao-de-bolsonaro-valeu-xandao","status":"publish","type":"post","link":"https:\/\/www.europesays.com\/pt\/161825\/","title":{"rendered":"Luana Piovani prepara look especial para comemorar pris\u00e3o de Bolsonaro: &#8220;Valeu, Xand\u00e3o!&#8221;"},"content":{"rendered":"<p>A pris\u00e3o do ex-presidente Jair Bolsonaro se tornou o principal assunto nas redes sociais neste s\u00e1bado (22). De um lado, apoiadores lamentaram a decis\u00e3o do ministro Alexandre de Moraes. Do outro, houve muita comemora\u00e7\u00e3o.<\/p>\n<p>continua depois da publicidade<\/p>\n<p><a href=\"https:\/\/natelinha.uol.com.br\/famosos\/tudo-sobre\/luana-piovani\" rel=\"nofollow noopener\" target=\"_blank\">Luana Piovani<\/a> faz parte do segundo grupo. A atriz recorreu ao Instagram para festejar a ida de Bolsonaro para a carceragem da Superintend\u00eancia da Pol\u00edcia Federal em Bras\u00edlia. A loira fez quest\u00e3o de mostrar um look especial que preparou para a ocasi\u00e3o.<\/p>\n<p>+ <a href=\"https:\/\/natelinha.uol.com.br\/famosos\/2025\/11\/22\/mario-frias-surge-abatido-ao-lamentar-prisao-de-bolsonaro-fundo-do-poco-234270.php\" rel=\"nofollow noopener\" target=\"_blank\">M\u00e1rio Frias surge abatido ao lamentar pris\u00e3o de Bolsonaro: &#8220;Fundo do po\u00e7o&#8221;<\/a><\/p>\n<p>+ <a href=\"https:\/\/natelinha.uol.com.br\/famosos\/2025\/11\/22\/virginia-fonseca-revela-planos-envolvendo-vini-jr-234263.php\" rel=\"nofollow noopener\" target=\"_blank\">Virginia Fonseca revela planos envolvendo Vini Jr<\/a><\/p>\n<p>&#8220;Finalmente! Todos vibram e celebram! Uhul! N\u00e3o de biquini, que aqui [em Portugal, onde ela vive] j\u00e1 est\u00e1 bem frio, mas foto &#8216;bonita de cabelo deuso&#8217;&#8230; consegui postar! Valeu, Xand\u00e3o!&#8221;, disparou a ex de Pedro Scooby, citando o apelido do ministro do Supremo Tribunal Federal.<\/p>\n<p>continua depois da publicidade<\/p>\n<p>Na sequ\u00eancia, Luana Piovani agradeceu \u00e0 profissional que a deixou arrumada para esse dia. &#8220;Minha querida Cristina Rodrigues parece at\u00e9 que eu sabia que tinha que estar &#8216;nos trinques&#8217; para celebrar tal ocasi\u00e3o! Bozo preso!&#8221;,\u00a0completou a atriz.<\/p>\n<p>Confira:<\/p>\n<blockquote class=\"instagram-media\" data-instgrm-captioned=\"\" data-instgrm-version=\"7\" style=\"width:100%;\"><p>\n\t\t\t\t\t\t\t\t\t<a href=\"https:\/\/www.instagram.com\/p\/DRXarzUCCIH\/\" rel=\"nofollow noopener\" target=\"_blank\">\n\t\t\t\t\t\t\t\t<\/p><\/blockquote>\n<p>Jair Bolsonaro foi preso por volta das 6h<\/p>\n<p><img decoding=\"async\" loading=\"lazy\" class=\"horizontal\" src=\"https:\/\/www.europesays.com\/pt\/wp-content\/uploads\/2025\/11\/jair-bolsonaro_7970.jpeg\" alt=\"Luana Piovani prepara look especial para comemorar pris\u00e3o de Bolsonaro: \\\" valeu=\"\" xand=\"\"\/><\/p>\n<p>A pris\u00e3o preventiva do ex-presidente Jair Bolsonaro aconteceu por volta das 6h deste s\u00e1bado (22), no condom\u00ednio onde ele cumpria pris\u00e3o domiciliar desde meados de agosto, em Bras\u00edlia. A medida foi autorizada pelo ministro Alexandre de Moraes, do STF (Supremo Tribunal Federal).<\/p>\n<p>continua depois da publicidade<\/p>\n<p>Em sua decis\u00e3o, o magistrado citou o risco \u00e0 ordem p\u00fablica e a viola\u00e7\u00e3o da tornozeleira de Bolsonaro. Os demais integrantes da Primeira Turma o acompanharam. De acordo com Andreia Sadi, da GloboNews, o equipamento foi destru\u00eddo com uma esp\u00e9cie de ma\u00e7arico.<\/p>\n<p>Ainda neste s\u00e1bado, ocorreria uma vig\u00edlia em frente ao condom\u00ednio do ex-presidente. A manifesta\u00e7\u00e3o foi chamada nas redes sociais por um dos filhos de Jair, o senador Fl\u00e1vio Bolsonaro. A Pol\u00edcia Federal identificou na movimenta\u00e7\u00e3o a inten\u00e7\u00e3o de causar baderna no local e consequentemente favorecer uma fuga.<\/p>\n<p>continua depois da publicidade<\/p>\n<p>                    <script async src=\"\/\/www.instagram.com\/embed.js\"><\/script><\/p>\n","protected":false},"excerpt":{"rendered":"A pris\u00e3o do ex-presidente Jair Bolsonaro se tornou o principal assunto nas redes sociais neste s\u00e1bado (22). De&hellip;\n","protected":false},"author":2,"featured_media":161826,"comment_status":"","ping_status":"","sticky":false,"template":"","format":"standard","meta":{"footnotes":""},"categories":[145],"tags":[211,210,114,115,1125,4585,32,33],"class_list":{"0":"post-161825","1":"post","2":"type-post","3":"status-publish","4":"format-standard","5":"has-post-thumbnail","7":"category-celebridades","8":"tag-celebridades","9":"tag-celebrities","10":"tag-entertainment","11":"tag-entretenimento","12":"tag-jair-bolsonaro","13":"tag-luana-piovani","14":"tag-portugal","15":"tag-pt"},"share_on_mastodon":{"url":"https:\/\/pubeurope.com\/@pt\/115597557549752734","error":""},"_links":{"self":[{"href":"https:\/\/www.europesays.com\/pt\/wp-json\/wp\/v2\/posts\/161825","targetHints":{"allow":["GET"]}}],"collection":[{"href":"https:\/\/www.europesays.com\/pt\/wp-json\/wp\/v2\/posts"}],"about":[{"href":"https:\/\/www.europesays.com\/pt\/wp-json\/wp\/v2\/types\/post"}],"author":[{"embeddable":true,"href":"https:\/\/www.europesays.com\/pt\/wp-json\/wp\/v2\/users\/2"}],"replies":[{"embeddable":true,"href":"https:\/\/www.europesays.com\/pt\/wp-json\/wp\/v2\/comments?post=161825"}],"version-history":[{"count":0,"href":"https:\/\/www.europesays.com\/pt\/wp-json\/wp\/v2\/posts\/161825\/revisions"}],"wp:featuredmedia":[{"embeddable":true,"href":"https:\/\/www.europesays.com\/pt\/wp-json\/wp\/v2\/media\/161826"}],"wp:attachment":[{"href":"https:\/\/www.europesays.com\/pt\/wp-json\/wp\/v2\/media?parent=161825"}],"wp:term":[{"taxonomy":"category","embeddable":true,"href":"https:\/\/www.europesays.com\/pt\/wp-json\/wp\/v2\/categories?post=161825"},{"taxonomy":"post_tag","embeddable":true,"href":"https:\/\/www.europesays.com\/pt\/wp-json\/wp\/v2\/tags?post=161825"}],"curies":[{"name":"wp","href":"https:\/\/api.w.org\/{rel}","templated":true}]}}