{"id":161854,"date":"2025-11-23T07:21:10","date_gmt":"2025-11-23T07:21:10","guid":{"rendered":"https:\/\/www.europesays.com\/pt\/161854\/"},"modified":"2025-11-23T07:21:10","modified_gmt":"2025-11-23T07:21:10","slug":"gerluce-recebe-noticia-devastadora-sobre-a-estatua-apos-roubo","status":"publish","type":"post","link":"https:\/\/www.europesays.com\/pt\/161854\/","title":{"rendered":"Gerluce recebe not\u00edcia devastadora sobre a est\u00e1tua ap\u00f3s roubo"},"content":{"rendered":"\n<ul class=\"content-unordered-list\">\n<li><strong>Mais &#8216;Tr\u00eas Gra\u00e7as&#8217;:<\/strong> <a class=\"\" href=\"https:\/\/oglobo.globo.com\/play\/novelas\/noticia\/2025\/11\/13\/tres-gracas-viviane-conta-para-leonardo-que-e-uma-mulher-trans-saiba-como-ele-reagira.ghtml\" rel=\"nofollow noopener\" target=\"_blank\">Viviane conta para Leonardo que \u00e9 uma mulher trans. Saiba como ele reagir\u00e1<\/a><\/li>\n<li><strong>Leia tamb\u00e9m:<\/strong> <a class=\"\" href=\"https:\/\/oglobo.globo.com\/play\/novelas\/noticia\/2025\/11\/18\/tres-gracas-bagda-e-filho-de-jorginho-traficante-coloca-ex-presidiario-contra-a-parede-para-saber-a-verdade.ghtml\" rel=\"nofollow noopener\" target=\"_blank\">Bagd\u00e1 \u00e9 filho de Jorginho? Em &#8216;Tr\u00eas Gra\u00e7as&#8217;, Traficante coloca ex-presidi\u00e1rio contra a parede para saber a verdade<\/a><\/li>\n<\/ul>\n<p class=\" content-text__container \" data-track-category=\"Link no Texto\" data-track-links=\"\"> A cuidadora e seus comparsas tentar\u00e3o vender a est\u00e1tua &#8220;Tr\u00eas Gra\u00e7as&#8221; para conseguir dinheiro e comprar os rem\u00e9dios para os moradores da Chacrinha. J\u00fanior (Guthierry Sotero) levar\u00e1 um homem chamado Feliciano para avaliar a obra de arte, e ele dir\u00e1 que, caso verdadeira, a escultura ter\u00e1 nela a marca do artista, Giovanni Aragna. <\/p>\n<p class=\" content-text__container \" data-track-category=\"Link no Texto\" data-track-links=\"\"> \u2014 Alguns escultores preferem uma marca em vez da assinatura e a escondem muito bem pra ela n\u00e3o interferir na obra \u2014 dir\u00e1 o homem. <\/p>\n<p class=\" content-text__container \" data-track-category=\"Link no Texto\" data-track-links=\"\"> Eles se mobilizar\u00e3o para encontrar a tal marca na est\u00e1tua, mas n\u00e3o ter\u00e3o sucesso. <\/p>\n<p class=\" content-text__container \" data-track-category=\"Link no Texto\" data-track-links=\"\"> \u2014 \u00c9 melhor dar adeus ao milh\u00e3o e meio de d\u00f3lares. Porque, se n\u00e3o tem a assinatura da aranha, \u00e9 uma c\u00f3pia \u2014 afirmar\u00e1 Feliciano. <\/p>\n<ul class=\"content-unordered-list\">\n<li><strong>TV e famosos:<\/strong> <a class=\"\" href=\"https:\/\/www.whatsapp.com\/channel\/0029Va3JQfiDTkJwvhCFGq1r\" target=\"_blank\" rel=\"nofollow noopener\">se inscreva no canal da coluna Play no WhatsApp<\/a><\/li>\n<\/ul>\n<p class=\" content-text__container \" data-track-category=\"Link no Texto\" data-track-links=\"\"> Gerluce e o estante do grupo ficar\u00e3o decepcionados por terem se arriscado e ainda assim n\u00e3o conseguirem ajudar os moradores da Chacrinha, j\u00e1 que n\u00e3o poder\u00e3o vender a est\u00e1tua e que Misael (<a class=\"\" href=\"https:\/\/oglobo.globo.com\/tudo-sobre\/personalidade\/belo\/\" rel=\"nofollow noopener\" target=\"_blank\">Belo<\/a>) fugiu com a sacola de dinheiro. <\/p>\n<p class=\" content-text__container \" data-track-category=\"Link no Texto\" data-track-links=\"\"> \u2014 Triste \u00e9 saber que isso a\u00ed n\u00e3o vale nada&#8230; E que a gente vai ficar sem o dinheiro pra comprar rem\u00e9dios de verdade pro nosso povo \u2014 lamentar\u00e1 Gerluce. <\/p>\n<p>    Confira o ensaio exclusivo de Sophie Charlotte          <\/p>\n<p>Atriz, que viver\u00e1 Gal Costa no cinema, tamb\u00e9m protagoniza &#8216;O rio do desejo&#8217; e estreia carreira internacional em mais dos filmes que estreiam este ano<\/p>\n","protected":false},"excerpt":{"rendered":"Mais &#8216;Tr\u00eas Gra\u00e7as&#8217;: Viviane conta para Leonardo que \u00e9 uma mulher trans. Saiba como ele reagir\u00e1 Leia tamb\u00e9m:&hellip;\n","protected":false},"author":2,"featured_media":161855,"comment_status":"","ping_status":"","sticky":false,"template":"","format":"standard","meta":{"footnotes":""},"categories":[144],"tags":[207,205,206,203,201,202,4385,204,114,115,4375,32,33,679,4374,4376],"class_list":{"0":"post-161854","1":"post","2":"type-post","3":"status-publish","4":"format-standard","5":"has-post-thumbnail","7":"category-arte-e-design","8":"tag-arte","9":"tag-arte-e-design","10":"tag-artedesign","11":"tag-arts","12":"tag-arts-and-design","13":"tag-artsanddesign","14":"tag-belo","15":"tag-design","16":"tag-entertainment","17":"tag-entretenimento","18":"tag-grazi-massafera","19":"tag-portugal","20":"tag-pt","21":"tag-reportagem","22":"tag-sophie-charlotte","23":"tag-tres-gracas"},"share_on_mastodon":{"url":"https:\/\/pubeurope.com\/@pt\/115597808962527064","error":""},"_links":{"self":[{"href":"https:\/\/www.europesays.com\/pt\/wp-json\/wp\/v2\/posts\/161854","targetHints":{"allow":["GET"]}}],"collection":[{"href":"https:\/\/www.europesays.com\/pt\/wp-json\/wp\/v2\/posts"}],"about":[{"href":"https:\/\/www.europesays.com\/pt\/wp-json\/wp\/v2\/types\/post"}],"author":[{"embeddable":true,"href":"https:\/\/www.europesays.com\/pt\/wp-json\/wp\/v2\/users\/2"}],"replies":[{"embeddable":true,"href":"https:\/\/www.europesays.com\/pt\/wp-json\/wp\/v2\/comments?post=161854"}],"version-history":[{"count":0,"href":"https:\/\/www.europesays.com\/pt\/wp-json\/wp\/v2\/posts\/161854\/revisions"}],"wp:featuredmedia":[{"embeddable":true,"href":"https:\/\/www.europesays.com\/pt\/wp-json\/wp\/v2\/media\/161855"}],"wp:attachment":[{"href":"https:\/\/www.europesays.com\/pt\/wp-json\/wp\/v2\/media?parent=161854"}],"wp:term":[{"taxonomy":"category","embeddable":true,"href":"https:\/\/www.europesays.com\/pt\/wp-json\/wp\/v2\/categories?post=161854"},{"taxonomy":"post_tag","embeddable":true,"href":"https:\/\/www.europesays.com\/pt\/wp-json\/wp\/v2\/tags?post=161854"}],"curies":[{"name":"wp","href":"https:\/\/api.w.org\/{rel}","templated":true}]}}