{"id":161856,"date":"2025-11-23T07:26:14","date_gmt":"2025-11-23T07:26:14","guid":{"rendered":"https:\/\/www.europesays.com\/pt\/161856\/"},"modified":"2025-11-23T07:26:14","modified_gmt":"2025-11-23T07:26:14","slug":"mourinho-sobre-o-ti-manel-cajuda-um-homem-que-dedicou-tudo-ao-futebol-e-nos-ensinou-a-todos-a-ser-um-bocadinho-melhores-sapo","status":"publish","type":"post","link":"https:\/\/www.europesays.com\/pt\/161856\/","title":{"rendered":"Mourinho sobre o &#039;Ti Manel&#039; Cajuda: \u00abUm homem que dedicou tudo ao futebol e nos ensinou a todos a ser um bocadinho melhores\u00bb &#8211; SAPO"},"content":{"rendered":"<ol>\n<li><a href=\"https:\/\/news.google.com\/rss\/articles\/CBMi-wFBVV95cUxNY0pOUUtaaENGaUF6a0VlMjUxazRsaXhaa0FTWVA3OFU4MGVXQlRFUGFUMDJLYVZvNVBIUGtmNjVFWmdoRVFFaXNfREtsXzFmVXpiX3gwSEg3eEpod0xOTXhEQkJFRGpldzladUtIMy1pRG5yTjF0Y0xscTRhR3RrVVlpVV9SdGhFR3czWVNIX2ZwVWNCYVdNeFdBN1AwWExDWU8yZ2EwQ2o5MzVsVXkxN3U0S01KYUNRVkdxRUlkaW4talBIQ29rdDJCTVhLOGVZbU4xekt1LUd4RzdTTUpaSzBOMmN3Y0Jwck02c3hUb1ZVY3FtN19mNG9UYw?oc=5\" target=\"_blank\" rel=\"nofollow noopener\">Mourinho sobre o &#8216;Ti Manel&#8217; Cajuda: \u00abUm homem que dedicou tudo ao futebol e nos ensinou a todos a ser um bocadinho melhores\u00bb<\/a>&nbsp;&nbsp;SAPO<\/li>\n<li><a href=\"https:\/\/news.google.com\/rss\/articles\/CBMi2gFBVV95cUxOWlFJakI2UjJpZzJ1Nk5kNjBhM2hCUHNhaExUR05MckRKNTIybWRfeTJ5eFB4VjVyYi03ZWE0MlV6TEw0MmkyVW1lRXEtYXZrcFljZTJBTjFoU202SkdOMWtRRnlEdE1WX0tyZ2ptLXp2SUM4c1l3ZS01UWNkVG5HT1NjbllGaUZidEluOGRpazF1NkxMLU9BZkloQnAxaEpGWl90RFQ2OFZremlRQ29NWU0yaG1NOHJHQ2RoOGZFQ1VhSmhaS0oyeXF5SG9KeWNCaTlBSlZTbFRNQQ?oc=5\" target=\"_blank\" rel=\"nofollow noopener\">Vida de Manuel Cajuda, o treinador consensual em cidades rivais, \u00e9 retratada em novo livro<\/a>&nbsp;&nbsp;RTP<\/li>\n<li><a href=\"https:\/\/news.google.com\/rss\/articles\/CBMitAFBVV95cUxQUF9lSzMwVGcxYzQyendHaC1UVVYxWEs2SFJKQ2QwTEc4RVEzSzFVY0hqaW9LR0pEUjhjU3Y4Z2xTeTV6R3hNY3V1dGpQYm5teHlJM0lTYXlrLXppdGJkQ1hEdzdiNzYxa2NPMFBvOTV0MFhOanc2X2k5alNfVXdqSHAxVEZmUVd1cTFadGE1bDdkNWdUNXZZNTJzbFg5ZkdidFhtUk5UR2dQZ0FsYi1LbHRReVE?oc=5\" target=\"_blank\" rel=\"nofollow noopener\">Manuel Cajuda, o (des)Treinador: um homem que nunca foi &#8216;s\u00f3&#8217; treinador<\/a>&nbsp;&nbsp;A Bola<\/li>\n<li><a href=\"https:\/\/news.google.com\/rss\/articles\/CBMimAFBVV95cUxNQmp1NXBaMXNYQzJILWQzWnVnbFloa29ZZFprWU5qb1Z0QzNyWmJaU09RWV9QeWZ5X3A2T1ExMXlNRllIaEUyeFJuRVhNU3hyNFMtcWViYUo4X0ZwWUd0cUNYWEZ3a1g2bVNFZmlmTjlOb2ZSMmszQ2tQRkl3WDgzbkF6V0hBbWo2UG1tZEdCX3F5cDRKRGxULQ?oc=5\" target=\"_blank\" rel=\"nofollow noopener\">\u00ab&#8217;Ca-juda&#8217;. Aquele que ajuda. Sempre gostei desse trocadilho\u00bb<\/a>&nbsp;&nbsp;Record<\/li>\n<li><a href=\"https:\/\/news.google.com\/rss\/articles\/CBMiqAFBVV95cUxPcWlDM2FXSV9vejRndlhZbTdYd2xZU3hraUl0M1dCc1hzdHYtSkFiMWRxemkzZGhhcnY0YjdfLVdVY1JCQ0EyVExSbE1VTmhIRUNMQ1VYempXcGF3MEcwYXZiMVI1Q2I3SzdsajVTRkYwTVlqcURPUDAxZ2ZsVEVJYkttR25rekd6QV94U2dRNjM2ekJ5WVpaNnFCMmFRYjN1YzBSV0p2SUXSAZIBQVVfeXFMTmVNMkpnN2hxRnpyeE1fbTZjRXdLRGhFTXRvYTFYS21ZQkVCLWI3ZUtlMVg0WDY4RmZGTkNYM3lyaWlfUGNaYkJjRDZhTy04dkdPSElJUjNGOE41djZyel9qcnFwdjJ0Skhaa3Q5MlljSEJfTXdjTVpiVmlLNlVaSTRiMThOS1AzX1ZIeE9pWUtGVlE?oc=5\" target=\"_blank\" rel=\"nofollow noopener\">Manuel Cajuda ter\u00e1 livro com pref\u00e1cio de Jos\u00e9 Mourinho<\/a>&nbsp;&nbsp;O Jogo<\/li>\n<\/ol>\n","protected":false},"excerpt":{"rendered":"Mourinho sobre o &#8216;Ti Manel&#8217; Cajuda: \u00abUm homem que dedicou tudo ao futebol e nos ensinou a todos&hellip;\n","protected":false},"author":2,"featured_media":161252,"comment_status":"","ping_status":"","sticky":false,"template":"","format":"standard","meta":{"footnotes":""},"categories":[87],"tags":[135,32,33,134],"class_list":{"0":"post-161856","1":"post","2":"type-post","3":"status-publish","4":"format-standard","5":"has-post-thumbnail","7":"category-desporto","8":"tag-desporto","9":"tag-portugal","10":"tag-pt","11":"tag-sports"},"share_on_mastodon":{"url":"https:\/\/pubeurope.com\/@pt\/115597828652925145","error":""},"_links":{"self":[{"href":"https:\/\/www.europesays.com\/pt\/wp-json\/wp\/v2\/posts\/161856","targetHints":{"allow":["GET"]}}],"collection":[{"href":"https:\/\/www.europesays.com\/pt\/wp-json\/wp\/v2\/posts"}],"about":[{"href":"https:\/\/www.europesays.com\/pt\/wp-json\/wp\/v2\/types\/post"}],"author":[{"embeddable":true,"href":"https:\/\/www.europesays.com\/pt\/wp-json\/wp\/v2\/users\/2"}],"replies":[{"embeddable":true,"href":"https:\/\/www.europesays.com\/pt\/wp-json\/wp\/v2\/comments?post=161856"}],"version-history":[{"count":0,"href":"https:\/\/www.europesays.com\/pt\/wp-json\/wp\/v2\/posts\/161856\/revisions"}],"wp:featuredmedia":[{"embeddable":true,"href":"https:\/\/www.europesays.com\/pt\/wp-json\/wp\/v2\/media\/161252"}],"wp:attachment":[{"href":"https:\/\/www.europesays.com\/pt\/wp-json\/wp\/v2\/media?parent=161856"}],"wp:term":[{"taxonomy":"category","embeddable":true,"href":"https:\/\/www.europesays.com\/pt\/wp-json\/wp\/v2\/categories?post=161856"},{"taxonomy":"post_tag","embeddable":true,"href":"https:\/\/www.europesays.com\/pt\/wp-json\/wp\/v2\/tags?post=161856"}],"curies":[{"name":"wp","href":"https:\/\/api.w.org\/{rel}","templated":true}]}}