{"id":161860,"date":"2025-11-23T07:42:20","date_gmt":"2025-11-23T07:42:20","guid":{"rendered":"https:\/\/www.europesays.com\/pt\/161860\/"},"modified":"2025-11-23T07:42:20","modified_gmt":"2025-11-23T07:42:20","slug":"antes-de-ser-jogador-era-adepto-do-sporting-se-tiver-de-ficar-mais-dois-tres-anos","status":"publish","type":"post","link":"https:\/\/www.europesays.com\/pt\/161860\/","title":{"rendered":"\u00abAntes de ser jogador era adepto do Sporting. Se tiver de ficar mais dois, tr\u00eas anos\u00bb"},"content":{"rendered":"<p><a class=\"autolink-enabled\" data-resource-id=\"203439\" data-resource-type=\"player\" data-sport=\"football\" href=\"https:\/\/www.abola.pt\/futebol\/jogador\/daniel-braganca-203439\" rel=\"nofollow noopener\" target=\"_blank\">Daniel Bragan\u00e7a<\/a> \u00e9 convidado especial do \u2018Jogo a Jogo\u2019 da Sport TV e abordou, al\u00e9m da les\u00e3o que o afastou quase um ano dos relvados, do futuro em Alvalade. Uma conversa na qual sublinhou o desejo de se manter.<\/p>\n<p>\u00abSou feliz no <a class=\"autolink-enabled\" data-resource-id=\"448\" data-resource-type=\"team\" data-sport=\"football\" href=\"https:\/\/www.abola.pt\/futebol\/sporting-448\" rel=\"nofollow noopener\" target=\"_blank\">Sporting<\/a>. Cheguei aos\u00a07 anos\u00a0e hoje tenho\u00a026. Sinto-me bem. E juntar esses anos conquistas e isso faz de mim mais feliz. Antes de ser jogador j\u00e1 era adepto. E vi o <a class=\"autolink-enabled\" data-resource-id=\"448\" data-resource-type=\"team\" data-sport=\"football\" href=\"https:\/\/www.abola.pt\/futebol\/sporting-448\" rel=\"nofollow noopener\" target=\"_blank\">Sporting<\/a> em tempos cr\u00edticos. E cheguei a equipa principal e superou as minhas expetativas\u00bb, disse o m\u00e9dio, que admitiu n\u00e3o sentir a press\u00e3o em sair de Alvalade.\u00a0<\/p>\n<p>\u00abN\u00e3o sinto essa press\u00e3o de sair. Estou onde sempre sonhei e isso n\u00e3o me d\u00e1 pressa de sair. Se tiver que ir vou. N\u00e3o seria a primeira vez, tive duas experi\u00eancias fora. Vivo dia a dia, ano a ano, a minha \u00fanica preocupa\u00e7\u00e3o \u00e9 aparecer bem. Se tiver de ficar mais dois ou tr\u00eas anos ou tiver de ir embora amanh\u00e3&#8230;\u00bb, disse.\u00a0<\/p>\n","protected":false},"excerpt":{"rendered":"Daniel Bragan\u00e7a \u00e9 convidado especial do \u2018Jogo a Jogo\u2019 da Sport TV e abordou, al\u00e9m da les\u00e3o que&hellip;\n","protected":false},"author":2,"featured_media":161861,"comment_status":"","ping_status":"","sticky":false,"template":"","format":"standard","meta":{"footnotes":""},"categories":[87],"tags":[135,32,33,134],"class_list":{"0":"post-161860","1":"post","2":"type-post","3":"status-publish","4":"format-standard","5":"has-post-thumbnail","7":"category-desporto","8":"tag-desporto","9":"tag-portugal","10":"tag-pt","11":"tag-sports"},"share_on_mastodon":{"url":"https:\/\/pubeurope.com\/@pt\/115597891575853015","error":""},"_links":{"self":[{"href":"https:\/\/www.europesays.com\/pt\/wp-json\/wp\/v2\/posts\/161860","targetHints":{"allow":["GET"]}}],"collection":[{"href":"https:\/\/www.europesays.com\/pt\/wp-json\/wp\/v2\/posts"}],"about":[{"href":"https:\/\/www.europesays.com\/pt\/wp-json\/wp\/v2\/types\/post"}],"author":[{"embeddable":true,"href":"https:\/\/www.europesays.com\/pt\/wp-json\/wp\/v2\/users\/2"}],"replies":[{"embeddable":true,"href":"https:\/\/www.europesays.com\/pt\/wp-json\/wp\/v2\/comments?post=161860"}],"version-history":[{"count":0,"href":"https:\/\/www.europesays.com\/pt\/wp-json\/wp\/v2\/posts\/161860\/revisions"}],"wp:featuredmedia":[{"embeddable":true,"href":"https:\/\/www.europesays.com\/pt\/wp-json\/wp\/v2\/media\/161861"}],"wp:attachment":[{"href":"https:\/\/www.europesays.com\/pt\/wp-json\/wp\/v2\/media?parent=161860"}],"wp:term":[{"taxonomy":"category","embeddable":true,"href":"https:\/\/www.europesays.com\/pt\/wp-json\/wp\/v2\/categories?post=161860"},{"taxonomy":"post_tag","embeddable":true,"href":"https:\/\/www.europesays.com\/pt\/wp-json\/wp\/v2\/tags?post=161860"}],"curies":[{"name":"wp","href":"https:\/\/api.w.org\/{rel}","templated":true}]}}