{"id":161862,"date":"2025-11-23T07:43:11","date_gmt":"2025-11-23T07:43:11","guid":{"rendered":"https:\/\/www.europesays.com\/pt\/161862\/"},"modified":"2025-11-23T07:43:11","modified_gmt":"2025-11-23T07:43:11","slug":"eua-kennedy-jr-determina-que-site-governamental-associe-vacinas-ao-autismo","status":"publish","type":"post","link":"https:\/\/www.europesays.com\/pt\/161862\/","title":{"rendered":"EUA: Kennedy Jr. determina que \u2018site\u2019 governamental associe vacinas ao autismo"},"content":{"rendered":"<p>O secret\u00e1rio da Sa\u00fade norte-americano, Robert F. Kennedy Jr., revelou hoje que instruiu os Centros de Controlo e Preven\u00e7\u00e3o de Doen\u00e7as (CDC, na sigla em ingl\u00eas) a modificar o seu &#8216;site&#8217; para associar vacinas a casos de autismo.<\/p>\n<p><img loading=\"lazy\" decoding=\"async\" class=\"alignnone size-full wp-image-311260\" src=\"https:\/\/www.europesays.com\/pt\/wp-content\/uploads\/2025\/11\/transp.png\" alt=\"\" width=\"1\" height=\"1\"\/><\/p>\n<p class=\"text-paragraph\">Embora Kennedy Jr. tenha esclarecido que n\u00e3o afirma que as vacinas causam autismo, considera que n\u00e3o existem provas suficientes para descartar tal liga\u00e7\u00e3o.<\/p>\n<p class=\"text-paragraph\">No entanto, as modifica\u00e7\u00f5es feitas no \u2018site\u2019 da ag\u00eancia apresentam a imuniza\u00e7\u00e3o e o autismo como conceitos intimamente relacionados.<\/p>\n<p class=\"text-paragraph\">Os CDC, ag\u00eancia que est\u00e1 sob a dire\u00e7\u00e3o de um conselheiro do secret\u00e1rio da Sa\u00fade, atualizou o seu \u2018site\u2019 na quarta-feira para enfatizar que a afirma\u00e7\u00e3o de que as vacinas \u201cn\u00e3o causam autismo\u201d n\u00e3o se baseia em provas cient\u00edficas.<\/p>\n<p class=\"text-paragraph\">Acrescentou ainda afirma\u00e7\u00f5es como a de que os estudos cient\u00edficos \u201cn\u00e3o descartaram a possibilidade de as vacinas infantis causarem autismo\u201d e que os CDC n\u00e3o associam a imuniza\u00e7\u00e3o ao autismo \u201cpara evitar a hesita\u00e7\u00e3o vacinal\u201d.<\/p>\n<p class=\"text-paragraph\">Os CDC acrescentaram que o Departamento de Sa\u00fade e Servi\u00e7os Humanos (HHS, na sigla em ingl\u00eas) est\u00e1 a analisar as causas do autismo e a investigar poss\u00edveis liga\u00e7\u00f5es causais com as vacinas.<\/p>\n<p class=\"text-paragraph\">A decis\u00e3o de Kennedy Jr. \u00e9 a mais recente de uma longa lista de medidas do Governo norte-americano para desencorajar a vacina\u00e7\u00e3o.<\/p>\n<p class=\"text-paragraph\">Em agosto, o Governo liderado pelo republicano Donald Trump nomeou Jim O\u2019Neill, um alto funcion\u00e1rio pr\u00f3ximo de Kennedy Jr., como diretor interino da ag\u00eancia governamental ap\u00f3s a demiss\u00e3o de Susan Monarez, que alegou ter sido demitida por se opor aos pedidos do secret\u00e1rio de Sa\u00fade.<\/p>\n<p class=\"text-paragraph\">Al\u00e9m disso, a efic\u00e1cia de algumas vacinas tem sido questionada por respons\u00e1veis norte-americanos, incluindo o Presidente Donald Trump, que lan\u00e7ou d\u00favidas em setembro sobre o sucesso das vacinas contra a covid-19, ao exigir que as empresas farmac\u00eauticas divulgassem as suas taxas de sucesso.<\/p>\n<p class=\"text-paragraph\">O Estado da Florida, governado pelo republicano Ron DeSantis, anunciou em setembro planos para terminar a vacina\u00e7\u00e3o obrigat\u00f3ria, uma decis\u00e3o que os especialistas lamentaram, uma vez que poderia abrir caminho a doen\u00e7as j\u00e1 erradicadas no pa\u00eds.<\/p>\n<p>lusa\/HN<\/p>\n<p>Outros artigos com interesse:<\/p>\n","protected":false},"excerpt":{"rendered":"O secret\u00e1rio da Sa\u00fade norte-americano, Robert F. Kennedy Jr., revelou hoje que instruiu os Centros de Controlo e&hellip;\n","protected":false},"author":2,"featured_media":161863,"comment_status":"","ping_status":"","sticky":false,"template":"","format":"standard","meta":{"footnotes":""},"categories":[86],"tags":[116,32,33,117],"class_list":{"0":"post-161862","1":"post","2":"type-post","3":"status-publish","4":"format-standard","5":"has-post-thumbnail","7":"category-saude","8":"tag-health","9":"tag-portugal","10":"tag-pt","11":"tag-saude"},"share_on_mastodon":{"url":"https:\/\/pubeurope.com\/@pt\/115597895825108615","error":""},"_links":{"self":[{"href":"https:\/\/www.europesays.com\/pt\/wp-json\/wp\/v2\/posts\/161862","targetHints":{"allow":["GET"]}}],"collection":[{"href":"https:\/\/www.europesays.com\/pt\/wp-json\/wp\/v2\/posts"}],"about":[{"href":"https:\/\/www.europesays.com\/pt\/wp-json\/wp\/v2\/types\/post"}],"author":[{"embeddable":true,"href":"https:\/\/www.europesays.com\/pt\/wp-json\/wp\/v2\/users\/2"}],"replies":[{"embeddable":true,"href":"https:\/\/www.europesays.com\/pt\/wp-json\/wp\/v2\/comments?post=161862"}],"version-history":[{"count":0,"href":"https:\/\/www.europesays.com\/pt\/wp-json\/wp\/v2\/posts\/161862\/revisions"}],"wp:featuredmedia":[{"embeddable":true,"href":"https:\/\/www.europesays.com\/pt\/wp-json\/wp\/v2\/media\/161863"}],"wp:attachment":[{"href":"https:\/\/www.europesays.com\/pt\/wp-json\/wp\/v2\/media?parent=161862"}],"wp:term":[{"taxonomy":"category","embeddable":true,"href":"https:\/\/www.europesays.com\/pt\/wp-json\/wp\/v2\/categories?post=161862"},{"taxonomy":"post_tag","embeddable":true,"href":"https:\/\/www.europesays.com\/pt\/wp-json\/wp\/v2\/tags?post=161862"}],"curies":[{"name":"wp","href":"https:\/\/api.w.org\/{rel}","templated":true}]}}