{"id":161866,"date":"2025-11-23T07:58:10","date_gmt":"2025-11-23T07:58:10","guid":{"rendered":"https:\/\/www.europesays.com\/pt\/161866\/"},"modified":"2025-11-23T07:58:10","modified_gmt":"2025-11-23T07:58:10","slug":"quatro-doentes-indemnizados-apos-tratamento-para-obesidade-na-dinamarca","status":"publish","type":"post","link":"https:\/\/www.europesays.com\/pt\/161866\/","title":{"rendered":"Quatro doentes indemnizados ap\u00f3s tratamento para obesidade na Dinamarca"},"content":{"rendered":"<p>Quatro doentes na Dinamarca receberam uma indemniza\u00e7\u00e3o por desenvolverem problemas oculares graves ap\u00f3s a utiliza\u00e7\u00e3o do medicamento para a obesidade Wegovy ou do medicamento para a diabetes Ozempic, anunciou o organismo que regula as indemniza\u00e7\u00f5es m\u00e9dicas.\n<\/p>\n<p>Quarenta e tr\u00eas pessoas apresentaram pedidos de indemniza\u00e7\u00e3o alegando terem desenvolvido uma condi\u00e7\u00e3o ocular grave ap\u00f3s a utiliza\u00e7\u00e3o de um dos tratamentos fabricados pela Novo Nordisk, informou a Associa\u00e7\u00e3o Dinamarquesa de Indemniza\u00e7\u00e3o de Doentes em comunicado divulgado na sexta-feira pela ag\u00eancia France-Presse (AFP).\n<\/p>\n<p>A neuropatia \u00f3tica isqu\u00e9mica anterior n\u00e3o artr\u00edtica (Noian) \u00e9 uma condi\u00e7\u00e3o que afeta o nervo \u00f3tico e leva \u00e0 perda de vis\u00e3o.\n<\/p>\n<p>A ag\u00eancia de indemniza\u00e7\u00f5es, que analisou os primeiros cinco casos, concluiu que quatro deles eram eleg\u00edveis para receber indemniza\u00e7\u00f5es.\n<\/p>\n<p>&#8220;\u00c9 lament\u00e1vel para os doentes afetados por este efeito secund\u00e1rio. A Noian \u00e9 uma condi\u00e7\u00e3o grave que causa danos permanentes e incur\u00e1veis \u00e0 vis\u00e3o&#8221;, frisou Karen-Inger Bast, diretora da organiza\u00e7\u00e3o, em comunicado.\n<\/p>\n<p>Estes casos s\u00e3o dif\u00edceis de avaliar porque est\u00e3o ligados a um novo medicamento, e os doentes j\u00e1 apresentavam um risco aumentado de desenvolver Noian, acrescentou.\n<\/p>\n<p>No total, receber\u00e3o 800 mil coroas dinamarquesas (107 mil euros, \u00e0 taxa de c\u00e2mbio atual), mas este valor poder\u00e1 aumentar consoante o impacto da condi\u00e7\u00e3o na vida futura dos pacientes, por exemplo, se n\u00e3o puderem trabalhar tanto como antes, explicou a associa\u00e7\u00e3o.\n<\/p>\n<p>Na Dinamarca, a indemniza\u00e7\u00e3o por despesas m\u00e9dicas \u00e9 geralmente paga pelas autoridades de sa\u00fade.\n<\/p>\n<p>Em dezembro de 2024, a Ag\u00eancia Dinamarquesa do Medicamento solicitou ao Comit\u00e9 de Avalia\u00e7\u00e3o do Risco de Farmacovigil\u00e2ncia (PRAC) da Ag\u00eancia Europeia do Medicamento que revisse um estudo dinamarqu\u00eas que mostrava uma liga\u00e7\u00e3o entre a semaglutida, o princ\u00edpio ativo do Ozempic e do Wegovy, e a Noian.\n<\/p>\n<p>Em junho, o PRAC concluiu que a Noian era um efeito secund\u00e1rio &#8220;muito raro&#8221; da semaglutida, afetando at\u00e9 1 em cada dez mil utilizadores.\n<\/p>\n<p>A Novo Nordisk afirmou ter revisto a decis\u00e3o relativa \u00e0 indemniza\u00e7\u00e3o para os doentes dinamarqueses.\n<\/p>\n<p>Num comunicado enviado \u00e0 AFP, o fabricante do medicamento indicou que, ap\u00f3s as conclus\u00f5es do PRAC, as bulas de todos os produtos com semaglutida foram atualizadas para incluir a Noian como uma rea\u00e7\u00e3o adversa a medicamentos &#8220;muito rara&#8221;.\n<\/p>\n<p>&#8220;O perfil benef\u00edcio-risco da semaglutida continua favor\u00e1vel&#8221;, acrescentou o laborat\u00f3rio dinamarqu\u00eas.<\/p>\n","protected":false},"excerpt":{"rendered":"Quatro doentes na Dinamarca receberam uma indemniza\u00e7\u00e3o por desenvolverem problemas oculares graves ap\u00f3s a utiliza\u00e7\u00e3o do medicamento para&hellip;\n","protected":false},"author":2,"featured_media":161867,"comment_status":"","ping_status":"","sticky":false,"template":"","format":"standard","meta":{"footnotes":""},"categories":[86],"tags":[116,32,33,117],"class_list":{"0":"post-161866","1":"post","2":"type-post","3":"status-publish","4":"format-standard","5":"has-post-thumbnail","7":"category-saude","8":"tag-health","9":"tag-portugal","10":"tag-pt","11":"tag-saude"},"share_on_mastodon":{"url":"https:\/\/pubeurope.com\/@pt\/115597954370018997","error":""},"_links":{"self":[{"href":"https:\/\/www.europesays.com\/pt\/wp-json\/wp\/v2\/posts\/161866","targetHints":{"allow":["GET"]}}],"collection":[{"href":"https:\/\/www.europesays.com\/pt\/wp-json\/wp\/v2\/posts"}],"about":[{"href":"https:\/\/www.europesays.com\/pt\/wp-json\/wp\/v2\/types\/post"}],"author":[{"embeddable":true,"href":"https:\/\/www.europesays.com\/pt\/wp-json\/wp\/v2\/users\/2"}],"replies":[{"embeddable":true,"href":"https:\/\/www.europesays.com\/pt\/wp-json\/wp\/v2\/comments?post=161866"}],"version-history":[{"count":0,"href":"https:\/\/www.europesays.com\/pt\/wp-json\/wp\/v2\/posts\/161866\/revisions"}],"wp:featuredmedia":[{"embeddable":true,"href":"https:\/\/www.europesays.com\/pt\/wp-json\/wp\/v2\/media\/161867"}],"wp:attachment":[{"href":"https:\/\/www.europesays.com\/pt\/wp-json\/wp\/v2\/media?parent=161866"}],"wp:term":[{"taxonomy":"category","embeddable":true,"href":"https:\/\/www.europesays.com\/pt\/wp-json\/wp\/v2\/categories?post=161866"},{"taxonomy":"post_tag","embeddable":true,"href":"https:\/\/www.europesays.com\/pt\/wp-json\/wp\/v2\/tags?post=161866"}],"curies":[{"name":"wp","href":"https:\/\/api.w.org\/{rel}","templated":true}]}}