{"id":161876,"date":"2025-11-23T08:18:24","date_gmt":"2025-11-23T08:18:24","guid":{"rendered":"https:\/\/www.europesays.com\/pt\/161876\/"},"modified":"2025-11-23T08:18:24","modified_gmt":"2025-11-23T08:18:24","slug":"juan-carlos-e-o-maior-ausente-na-festa-dos-50-anos-da-sua-subida-ao-trono","status":"publish","type":"post","link":"https:\/\/www.europesays.com\/pt\/161876\/","title":{"rendered":"Juan Carlos \u00e9 o maior ausente na festa dos 50 anos da sua subida ao trono"},"content":{"rendered":"<p class=\"MsoNormal\">O protagonista n\u00e3o estava l\u00e1. As comemora\u00e7\u00f5es do 50\u00ba anivers\u00e1rio da restaura\u00e7\u00e3o da monarquia em Espanha, esta sexta-feira, ficam marcadas pelo paradoxo da aus\u00eancia da primeira figura a chefiar tal institui\u00e7\u00e3o em democracia, Juan Carlos de Borb\u00f3n y Borb\u00f3n, coroado a 22 de novembro de 1975 como Juan Carlos I. O seu filho e herdeiro, Filipe VI \u2014 que lhe sucedeu ap\u00f3s a abdica\u00e7\u00e3o, em 2014 \u2014, tomou a decis\u00e3o afastar das celebra\u00e7\u00f5es o pai, de 87 anos, atendendo ao desejo que este expressou, em 2019, de se retirar da vida p\u00fablica. Em agosto do ano seguinte, partia para o ex\u00edlio em Abu Dhabi, nos Emirados \u00c1rabes Unidos.<\/p>\n<p class=\"MsoNormal\">As circunst\u00e2ncias deste afastamento ditaram o tom das comemora\u00e7\u00f5es, deliberadamente muito discretas. N\u00e3o houve representa\u00e7\u00e3o de outras casas reais europeias; desfiles militares; grandes manifesta\u00e7\u00f5es c\u00edvicas. <strong>Os esc\u00e2ndalos amorosos e financeiros de Juan Carlos durante os \u00faltimos anos do seu reinado pairaram no ar<\/strong>, trazidos \u00e0 luz pela recente publica\u00e7\u00e3o em Fran\u00e7a das suas mem\u00f3rias, \u201cReconcilia\u00e7\u00e3o\u201d, um livro que sair\u00e1 em Espanha a 3 de dezembro. O jornal \u201cEl Pa\u00eds\u201d, que sempre manteve uma atitude de grande respeito em rela\u00e7\u00e3o ao papel do ex-rei agora exilado, considerou a publica\u00e7\u00e3o deste livro \u201cum erro, um erro colossal\u201d.<\/p>\n<p><a href=\"https:\/\/expresso.pt\/subscrever?action=GEN&amp;channel=VID&amp;type=CAP&amp;source=WEB&amp;returnUrl=https:\/\/expresso.pt\/internacional\/europa\/espanha\/2025-11-22-juan-carlos-e-o-maior-ausente-na-festa-dos-50-anos-da-sua-subida-ao-trono-d78804f2&amp;utm_source=expresso&amp;utm_medium=locked_article&amp;locked=true&amp;article_id=54ba9573-9f9c-4db7-a3a5-7c89937361fc&amp;author_id=\u00c1ngel+Luis+de+la+Calle&amp;category=Espanha\" target=\"_self\" class=\"\" rel=\"nofollow noopener\">Subscrever<\/a>J\u00e1 \u00e9 Subscritor?Fa\u00e7a login e continue a ler<a href=\"http:\/\/expresso.pt\/codigo?redirectUrl=https:\/\/expresso.pt\/internacional\/europa\/espanha\/2025-11-22-juan-carlos-e-o-maior-ausente-na-festa-dos-50-anos-da-sua-subida-ao-trono-d78804f2\" target=\"_self\" class=\"\" rel=\"nofollow noopener\">Inserir C\u00f3digo<\/a>Comprou o Expresso?Insira o c\u00f3digo presente na Revista E para continuar a ler<\/p>\n","protected":false},"excerpt":{"rendered":"O protagonista n\u00e3o estava l\u00e1. As comemora\u00e7\u00f5es do 50\u00ba anivers\u00e1rio da restaura\u00e7\u00e3o da monarquia em Espanha, esta sexta-feira,&hellip;\n","protected":false},"author":2,"featured_media":161877,"comment_status":"","ping_status":"","sticky":false,"template":"","format":"standard","meta":{"footnotes":""},"categories":[8],"tags":[27,28,15,16,14,25,26,21,22,12,13,19,20,32,23,24,33,17,18,29,30,31],"class_list":{"0":"post-161876","1":"post","2":"type-post","3":"status-publish","4":"format-standard","5":"has-post-thumbnail","7":"category-principais-noticias","8":"tag-breaking-news","9":"tag-breakingnews","10":"tag-featured-news","11":"tag-featurednews","12":"tag-headlines","13":"tag-latest-news","14":"tag-latestnews","15":"tag-main-news","16":"tag-mainnews","17":"tag-news","18":"tag-noticias","19":"tag-noticias-principais","20":"tag-noticiasprincipais","21":"tag-portugal","22":"tag-principais-noticias","23":"tag-principaisnoticias","24":"tag-pt","25":"tag-top-stories","26":"tag-topstories","27":"tag-ultimas","28":"tag-ultimas-noticias","29":"tag-ultimasnoticias"},"share_on_mastodon":{"url":"https:\/\/pubeurope.com\/@pt\/115598033255508786","error":""},"_links":{"self":[{"href":"https:\/\/www.europesays.com\/pt\/wp-json\/wp\/v2\/posts\/161876","targetHints":{"allow":["GET"]}}],"collection":[{"href":"https:\/\/www.europesays.com\/pt\/wp-json\/wp\/v2\/posts"}],"about":[{"href":"https:\/\/www.europesays.com\/pt\/wp-json\/wp\/v2\/types\/post"}],"author":[{"embeddable":true,"href":"https:\/\/www.europesays.com\/pt\/wp-json\/wp\/v2\/users\/2"}],"replies":[{"embeddable":true,"href":"https:\/\/www.europesays.com\/pt\/wp-json\/wp\/v2\/comments?post=161876"}],"version-history":[{"count":0,"href":"https:\/\/www.europesays.com\/pt\/wp-json\/wp\/v2\/posts\/161876\/revisions"}],"wp:featuredmedia":[{"embeddable":true,"href":"https:\/\/www.europesays.com\/pt\/wp-json\/wp\/v2\/media\/161877"}],"wp:attachment":[{"href":"https:\/\/www.europesays.com\/pt\/wp-json\/wp\/v2\/media?parent=161876"}],"wp:term":[{"taxonomy":"category","embeddable":true,"href":"https:\/\/www.europesays.com\/pt\/wp-json\/wp\/v2\/categories?post=161876"},{"taxonomy":"post_tag","embeddable":true,"href":"https:\/\/www.europesays.com\/pt\/wp-json\/wp\/v2\/tags?post=161876"}],"curies":[{"name":"wp","href":"https:\/\/api.w.org\/{rel}","templated":true}]}}