{"id":161903,"date":"2025-11-23T09:06:20","date_gmt":"2025-11-23T09:06:20","guid":{"rendered":"https:\/\/www.europesays.com\/pt\/161903\/"},"modified":"2025-11-23T09:06:20","modified_gmt":"2025-11-23T09:06:20","slug":"the-seduction-serie-de-epoca-faz-um-mergulho-na-aristocracia-francesa","status":"publish","type":"post","link":"https:\/\/www.europesays.com\/pt\/161903\/","title":{"rendered":"\u201cThe Seduction\u201d: s\u00e9rie de \u00e9poca faz um mergulho na aristocracia francesa"},"content":{"rendered":"<p><a href=\"https:\/\/harpersbazaar.uol.com.br\/cultura\/the-seduction-serie-de-epoca-faz-um-mergulho-na-aristocracia-francesa\/attachment\/merteuil\/\" rel=\"attachment wp-att-597772 nofollow noopener\" target=\"_blank\"><img fetchpriority=\"high\" decoding=\"async\" class=\"aligncenter  size-large wp-image-597772 lazy\" src=\"https:\/\/www.europesays.com\/pt\/wp-content\/uploads\/2025\/11\/The-Seduction-serie-entrevista-diane-kruger-anamaria-vartolomei-768x512.jpg\" alt=\"\" width=\"768\" height=\"512\"\/><\/a><\/p>\n<p class=\"wp-caption-text\">Diane Kruger e Anamaria Vartolomei, na s\u00e9rie \u201cThe Seduction\u201d \u2013 Foto: Divulga\u00e7\u00e3o<\/p>\n<p><strong>Por Paula Jacob<\/strong><\/p>\n<p>Um dos livros mais cl\u00e1ssicos e controversos da literatura francesa, <strong>\u201cLes Liaisons Dangereuses\u201d<\/strong> (1782), de <strong>Pierre Choderlos De Laclos<\/strong>, sacudiu a aristocracia da Fran\u00e7a pouco tempo antes da Revolu\u00e7\u00e3o tomar conta do pa\u00eds. Na hist\u00f3ria emaranhada por cartas, o autor cria um retrato ir\u00f4nico e afiado sobre as ambiguidades que moram na rela\u00e7\u00e3o entre desejo, poder e vingan\u00e7a. A obra n\u00e3o passou despercebida pelo cinema: teve desde produ\u00e7\u00f5es \u00edtalo-francesas, como a de <strong>Roger Vadim<\/strong> em 1959, at\u00e9 uma inspira\u00e7\u00e3o brasileira, com a miniss\u00e9rie de 2016 da TV Globo. Mas a vers\u00e3o de 1988, dirigida por <strong>Stephen Frears<\/strong>, talvez seja a mais aclamada, at\u00e9 pelo elenco composto por <a href=\"https:\/\/harpersbazaar.uol.com.br\/moda\/oscar-2021-glenn-close-usa-luvas-na-cerimonia\/\" rel=\"nofollow noopener\" target=\"_blank\"><strong>Glenn Close<\/strong><\/a>, <a href=\"https:\/\/harpersbazaar.uol.com.br\/cultura\/acontece-john-malkovich-deve-voltar-ao-brasil-em-agosto-com-nova-peca\/\" rel=\"nofollow noopener\" target=\"_blank\"><strong>John Malkovich<\/strong><\/a>, <a href=\"https:\/\/harpersbazaar.uol.com.br\/moda\/michelle-pfeiffer-o-tempo-nao-passa-para-a-musa-do-cinema\/\" rel=\"nofollow noopener\" target=\"_blank\"><strong>Michelle Pfeiffer<\/strong><\/a>, <strong><a href=\"https:\/\/harpersbazaar.uol.com.br\/cultura\/kill-bill-eterniza-uma-thurman-como-simbolo-de-vinganca\/\" rel=\"nofollow noopener\" target=\"_blank\">Uma Thurman<\/a> <\/strong>e <strong>Keanu Reeves<\/strong>.<\/p>\n<p>Quase quarenta anos depois, a tem\u00e1tica e o romance ganham outro f\u00f4lego com a nova s\u00e9rie da <strong>HBO Max<\/strong>, <strong>\u201cThe Seduction\u201d<\/strong>. Dirigidos pela cineasta francesa, os epis\u00f3dios \u2013 lan\u00e7ados semanalmente \u00e0s sextas-feiras \u2013 mudam a perspectiva da hist\u00f3ria e colocam no centro das a\u00e7\u00f5es e decis\u00f5es as personagens femininas <strong>Isabelle de Merteuil<\/strong> (<strong>Anamaria Vartolomei<\/strong>) e <strong>Madame de Rosemonde<\/strong> (<a href=\"https:\/\/harpersbazaar.uol.com.br\/moda\/sete-vezes-em-que-diane-kruger-arrasou-nos-tapetes-vermelhos\/\" rel=\"nofollow noopener\" target=\"_blank\"><strong>Diane Kruger<\/strong><\/a>). Contudo, n\u00e3o \u00e9 s\u00f3 isso que muda: h\u00e1 adapta\u00e7\u00f5es no roteiro de <strong>Jean-Baptiste Delafon<\/strong>, <strong>Palud<\/strong> e <strong>Ga\u00eblle Bellan<\/strong> que modificam a idade dos personagens e algumas intera\u00e7\u00f5es sobre eles. N\u00e3o \u00e9 necessariamente um prequel, mas tamb\u00e9m n\u00e3o \u00e9 aquela vers\u00e3o 100% atrelada ao livro.<\/p>\n<p>Na trama, Isabelle, uma jovem desonrada, \u00e9 seduzida e descartada por <strong>Visconde de Valmont<\/strong> (<strong>Vincent Lacoste<\/strong>). Com \u00f3dio da humilha\u00e7\u00e3o que passou para divers\u00e3o de herdeiros, ela tenta recompor a sua reputa\u00e7\u00e3o e acaba ganhando uma mentora, Madame de Rosemonde, tia de Valmont. Assim, as duas come\u00e7am uma jornada de sedu\u00e7\u00e3o pela alta sociedade parisiense em busca de liberdade, conforto material e sexualidade feminina. A <b>BAZAAR <\/b>conversou com Anamaria Vartolomei e Diane Kruger sobre as ambiguidades das personagens, figurinos emblem\u00e1ticos e a vez das mulheres no cinema.<\/p>\n<p><a href=\"https:\/\/harpersbazaar.uol.com.br\/cultura\/the-seduction-serie-de-epoca-faz-um-mergulho-na-aristocracia-francesa\/attachment\/merteuil-2\/\" rel=\"attachment wp-att-597773 nofollow noopener\" target=\"_blank\"><img loading=\"lazy\" decoding=\"async\" class=\"aligncenter  size-large wp-image-597773 lazy\" src=\"https:\/\/www.europesays.com\/pt\/wp-content\/uploads\/2025\/11\/The-Seduction-serie-entrevista-anamaria-vartolomei3-768x512.jpg\" alt=\"\" width=\"768\" height=\"512\"\/><\/a><\/p>\n<p class=\"wp-caption-text\">Diane Kruger e Anamaria Vartolomei, na s\u00e9rie \u201cThe Seduction\u201d \u2013 Foto: Divulga\u00e7\u00e3o<\/p>\n<p>Harper\u2019s BAZAAR \u2013 Como foi o processo de prepara\u00e7\u00e3o e constru\u00e7\u00e3o das respectivas personagens?<\/p>\n<p><strong>Anamaria Vartolomei \u2013<\/strong> Eu recebi apenas o primeiro epis\u00f3dio quando a Jessica me apresentou o projeto, e aceitei imediatamente, porque hav\u00edamos trabalhado juntas em \u201cMeu Nome \u00c9 Maria\u201d meses antes. Gostei muito da nossa colabora\u00e7\u00e3o e nos prometemos que voltar\u00edamos a trabalhar juntas em algo mais desafiador \u2013 e Isabelle de Merteuil era a escolha perfeita.<\/p>\n<p>Desenvolver uma personagem ao longo de seis epis\u00f3dios era algo que eu nunca tinha feito antes, ent\u00e3o achei empolgante. Queria mostrar a sua evolu\u00e7\u00e3o. No come\u00e7o, claro, eu me inspirei na interpreta\u00e7\u00e3o da Glenn Close e imaginei que a Isabelle que conhecemos fosse o destino final da personagem. Mas, como este \u00e9 um prel\u00fadio, eu e Jessica tivemos a liberdade de inventar quem ela era antes de tudo \u2013 e o que a leva a se tornar aquela mulher. Essa jornada, de uma inoc\u00eancia inicial que lentamente se transforma em algo mais sombrio, foi a parte mais interessante de desenvolver.<\/p>\n<p><strong>Diane Kruger \u2013<\/strong> Para mim, foi um trabalho em conjunto. Tivemos a oportunidade de mergulhar profundamente naquele per\u00edodo hist\u00f3rico. A HBO nos deu todos os meios para construir esse universo exatamente como voc\u00ea v\u00ea na tela. Os figurinos foram criados do zero, filmamos em loca\u00e7\u00f5es incr\u00edveis que nos colocavam imediatamente na atmosfera das personagens. Trabalhamos o di\u00e1logo por meses, porque \u00e9 um franc\u00eas antigo \u2013 n\u00e3o sei se d\u00e1 para perceber a diferen\u00e7a, mas n\u00e3o \u00e9 o franc\u00eas falado hoje. Cada detalhe estava no ponto certo: o design de produ\u00e7\u00e3o, a luz, tudo. \u00c9 raro, como atriz, ter a chance de participar de algo t\u00e3o grande e t\u00e3o bonito como esta s\u00e9rie.<\/p>\n<p><a href=\"https:\/\/harpersbazaar.uol.com.br\/cultura\/the-seduction-serie-de-epoca-faz-um-mergulho-na-aristocracia-francesa\/attachment\/merteuil-3\/\" rel=\"attachment wp-att-597774 nofollow noopener\" target=\"_blank\"><img loading=\"lazy\" decoding=\"async\" class=\"aligncenter  size-large wp-image-597774 lazy\" src=\"https:\/\/www.europesays.com\/pt\/wp-content\/uploads\/2025\/11\/The-Seduction-serie-entrevista-anamaria-vartolomei2-768x512.jpg\" alt=\"\" width=\"768\" height=\"512\"\/><\/a><\/p>\n<p class=\"wp-caption-text\">Diane Kruger e Anamaria Vartolomei, na s\u00e9rie \u201cThe Seduction\u201d \u2013 Foto: Divulga\u00e7\u00e3o<\/p>\n<p>HB \u2013 Falando em figurinos, como foi o trabalho com as equipes de figurino e dire\u00e7\u00e3o de arte para mergulhar t\u00e3o fundo nesse per\u00edodo?<\/p>\n<p><b>AV \u2013 <\/b>Como Diane adiantou, cada pe\u00e7a que usamos foi feita do zero, um processo longo tamb\u00e9m porque sempre foi pensado em como a roupa poderia dizer sobre a personagem naquele ponto da hist\u00f3ria. Por exemplo: Valmont \u00e9 mais desalinhado; Gercourt \u00e9 excessivamente exuberante; Rosemonde esconde o pesco\u00e7o com len\u00e7os e colares porque teme mostrar a idade. A minha personagem, no come\u00e7o, usa roupas menos ornamentadas por sua origem desafortunada. Conforme se torna Isabelle de Merteuil, seus vestidos ficam mais elaborados. E adorei que, conforme a alma dela vai sendo corrompida, suas roupas tamb\u00e9m ficam mais escuras.<\/p>\n<p>A <strong>Pascale Chavan<\/strong>, nossa figurinista, tomou algumas liberdades criativas, como me colocar usando decotes quadrados que n\u00e3o eram historicamente precisos. Jessica tamb\u00e9m queria sugerir mais do que mostrar \u2013 mais pele, mais sensualidade. Tudo isso nos ajudou muito na constru\u00e7\u00e3o das personagens.<\/p>\n<p><a href=\"https:\/\/harpersbazaar.uol.com.br\/cultura\/the-seduction-serie-de-epoca-faz-um-mergulho-na-aristocracia-francesa\/attachment\/merteuil-4\/\" rel=\"attachment wp-att-597775 nofollow noopener\" target=\"_blank\"><img loading=\"lazy\" decoding=\"async\" class=\"aligncenter  size-large wp-image-597775 lazy\" src=\"https:\/\/www.europesays.com\/pt\/wp-content\/uploads\/2025\/11\/The-Seduction-serie-entrevista-anamaria-vartolomei-768x512.jpg\" alt=\"\" width=\"768\" height=\"512\"\/><\/a><\/p>\n<p class=\"wp-caption-text\">Diane Kruger e Anamaria Vartolomei, na s\u00e9rie \u201cThe Seduction\u201d \u2013 Foto: Divulga\u00e7\u00e3o<\/p>\n<p>HB \u2013 A s\u00e9rie explora a rela\u00e7\u00e3o entre desejo e poder a partir da perspectiva de duas mulheres. Como foi trabalhar esse aspecto com a diretora, Jessica Palud?<\/p>\n<p><b>DK \u2013 <\/b>Acho que isso foi justamente o que nos atraiu para o projeto. Normalmente, hist\u00f3rias cl\u00e1ssicas como essa s\u00e3o contadas pelo ponto de vista masculino \u2013 o protagonista, o desejo masculino, o olhar masculino. Quer\u00edamos mudar essa perspectiva. Era interessante pegar um livro t\u00e3o conhecido e cl\u00e1ssico e perguntar: \u201cO que muda se olharmos por outro \u00e2ngulo?\u201d As personagens femininas, nesses relatos, raramente t\u00eam a mesma profundidade que os homens. Aqui, tivemos espa\u00e7o para construir figuras novas, com uma certa modernidade. Isso foi incr\u00edvel!<\/p>\n<p><a href=\"https:\/\/harpersbazaar.uol.com.br\/cultura\/the-seduction-serie-de-epoca-faz-um-mergulho-na-aristocracia-francesa\/attachment\/merteuil-5\/\" rel=\"attachment wp-att-597776 nofollow noopener\" target=\"_blank\"><img loading=\"lazy\" decoding=\"async\" class=\"aligncenter  size-large wp-image-597776 lazy\" src=\"https:\/\/www.europesays.com\/pt\/wp-content\/uploads\/2025\/11\/The-Seduction-serie-entrevista-diane-kruger-768x512.jpg\" alt=\"\" width=\"768\" height=\"512\"\/><\/a><\/p>\n<p class=\"wp-caption-text\">Diane Kruger e Anamaria Vartolomei, na s\u00e9rie \u201cThe Seduction\u201d \u2013 Foto: Divulga\u00e7\u00e3o<\/p>\n<p>HB \u2013 Pensando nesse quesito, como voc\u00ea enxerga esse movimento atual no cinema e na TV de dar mais espa\u00e7o para personagens femininas complexas, que n\u00e3o s\u00e3o simplesmente boas ou m\u00e1s?<\/p>\n<p><b>DK \u2013 <\/b>Acho que j\u00e1 era hora. Estamos aqui desde sempre, representamos metade da popula\u00e7\u00e3o, ent\u00e3o \u00e9 meio absurdo que isso n\u00e3o tenha acontecido antes. Mas agora \u00e9 o momento de as vozes femininas serem ouvidas. Durante anos, dizia-se que filmes protagonizados por mulheres n\u00e3o funcionavam nas bilheterias, ou que televis\u00e3o era o \u00fanico lugar onde pod\u00edamos ser protagonistas. Isso est\u00e1 mudando porque o mundo est\u00e1 mudando \u2013 e porque h\u00e1 mais mulheres em cargos de decis\u00e3o. Ent\u00e3o, \u00e9 um \u00f3timo momento para contar as nossas hist\u00f3rias, com mais profundidade, alegria e todas as nuances que nos tornam quem somos. \u00c9 empolgante ser mulher \u2013 como sempre foi.<\/p>\n<p>\t&#13;<br \/>\n&#13;<br \/>\n\t&#13;<br \/>\n\treda\u00e7\u00e3o bazaar&#13;<br \/>\n\t22\/11\/2025&#13;<br \/>\n\t&#13;<br \/>\n\t&#13;<br \/>\n\t\t&#13;<br \/>\n\t\t&#13;<br \/>\n\t\t&#13;<br \/>\n\t\t&#13;<br \/>\n\t&#13;<br \/>\n\t\t&#13;<br \/>\n\t\t&#13;<br \/>\n\t\t&#13;<br \/>\n\t\t&#13;<br \/>\n\t&#13;<\/p>\n","protected":false},"excerpt":{"rendered":"Diane Kruger e Anamaria Vartolomei, na s\u00e9rie \u201cThe Seduction\u201d \u2013 Foto: Divulga\u00e7\u00e3o Por Paula Jacob Um dos livros&hellip;\n","protected":false},"author":2,"featured_media":161904,"comment_status":"","ping_status":"","sticky":false,"template":"","format":"standard","meta":{"footnotes":""},"categories":[142],"tags":[34408,30318,32875,114,115,1583,32,33,3939,34407,151],"class_list":{"0":"post-161903","1":"post","2":"type-post","3":"status-publish","4":"format-standard","5":"has-post-thumbnail","7":"category-tv","8":"tag-anamaria-vartolomei","9":"tag-destaque-home","10":"tag-diane-kruger","11":"tag-entertainment","12":"tag-entretenimento","13":"tag-hbo-max","14":"tag-portugal","15":"tag-pt","16":"tag-serie","17":"tag-the-seduction","18":"tag-tv"},"share_on_mastodon":{"url":"https:\/\/pubeurope.com\/@pt\/115598222196794428","error":""},"_links":{"self":[{"href":"https:\/\/www.europesays.com\/pt\/wp-json\/wp\/v2\/posts\/161903","targetHints":{"allow":["GET"]}}],"collection":[{"href":"https:\/\/www.europesays.com\/pt\/wp-json\/wp\/v2\/posts"}],"about":[{"href":"https:\/\/www.europesays.com\/pt\/wp-json\/wp\/v2\/types\/post"}],"author":[{"embeddable":true,"href":"https:\/\/www.europesays.com\/pt\/wp-json\/wp\/v2\/users\/2"}],"replies":[{"embeddable":true,"href":"https:\/\/www.europesays.com\/pt\/wp-json\/wp\/v2\/comments?post=161903"}],"version-history":[{"count":0,"href":"https:\/\/www.europesays.com\/pt\/wp-json\/wp\/v2\/posts\/161903\/revisions"}],"wp:featuredmedia":[{"embeddable":true,"href":"https:\/\/www.europesays.com\/pt\/wp-json\/wp\/v2\/media\/161904"}],"wp:attachment":[{"href":"https:\/\/www.europesays.com\/pt\/wp-json\/wp\/v2\/media?parent=161903"}],"wp:term":[{"taxonomy":"category","embeddable":true,"href":"https:\/\/www.europesays.com\/pt\/wp-json\/wp\/v2\/categories?post=161903"},{"taxonomy":"post_tag","embeddable":true,"href":"https:\/\/www.europesays.com\/pt\/wp-json\/wp\/v2\/tags?post=161903"}],"curies":[{"name":"wp","href":"https:\/\/api.w.org\/{rel}","templated":true}]}}