{"id":161909,"date":"2025-11-23T09:16:16","date_gmt":"2025-11-23T09:16:16","guid":{"rendered":"https:\/\/www.europesays.com\/pt\/161909\/"},"modified":"2025-11-23T09:16:16","modified_gmt":"2025-11-23T09:16:16","slug":"casa-ate-5-graus-mais-quente-conheca-os-truques-secretos-dos-hoteis-para-aquecer-a-casa","status":"publish","type":"post","link":"https:\/\/www.europesays.com\/pt\/161909\/","title":{"rendered":"Casa at\u00e9 5 graus mais quente: conhe\u00e7a os truques secretos dos hot\u00e9is para aquecer a casa"},"content":{"rendered":"<p><strong>Num inverno em que muitas fam\u00edlias pensam duas vezes antes de ligar o aquecimento, pequenos ajustes dentro de casa podem fazer diferen\u00e7a no conforto e nas faturas de energia. V\u00e1rias destas sugest\u00f5es foram recentemente compiladas pelo jornal brit\u00e2nico The Mirror, que reuniu conselhos utilizados na hotelaria e em alojamentos de longa dura\u00e7\u00e3o, facilmente adapt\u00e1veis \u00e0 realidade portuguesa.<\/strong><\/p>\n<p class=\"has-medium-font-size\"><strong>O segredo dos hot\u00e9is est\u00e1 na forma como seguram o calor<\/strong><\/p>\n<p>Em muitas unidades de alojamento, sobretudo nos segmentos m\u00e9dio e alto, o objetivo n\u00e3o \u00e9 s\u00f3 aquecer o quarto, \u00e9 garantir que o calor permanece l\u00e1 dentro o m\u00e1ximo de tempo poss\u00edvel. De acordo com a empresa brit\u00e2nica Luxury Serviced Apartments, citada pelo The Mirror, t\u00e9cnicas simples de reten\u00e7\u00e3o de calor podem representar at\u00e9 cerca de 5 \u00baC a mais na sensa\u00e7\u00e3o t\u00e9rmica dentro de casa, sem tocar no termostato.<\/p>\n<p>Segundo os mesmos especialistas, esta filosofia \u00e9 facilmente adapt\u00e1vel a apartamentos e moradias em Portugal, onde muitas casas n\u00e3o t\u00eam aquecimento central e dependem de aquecedores el\u00e9tricos ou ar condicionado. Ao reduzir as perdas de calor, diminui-se o tempo em que os equipamentos precisam de estar ligados, com impacto direto na conta da luz.<\/p>\n<p class=\"has-medium-font-size\"><strong>Cortinas fechadas antes do p\u00f4r do sol<\/strong><\/p>\n<p>Uma das principais \u201cfugas\u201d de calor continua a ser a janela. Mesmo fechadas, as superf\u00edcies envidra\u00e7adas deixam escapar uma parte significativa do calor acumulado ao longo do dia. Especialistas em gest\u00e3o de propriedades explicam que, em termos pr\u00e1ticos, a simples rotina de fechar as cortinas antes do p\u00f4r do sol ajuda a travar essa perda de calor, sobretudo nas divis\u00f5es mais expostas ao exterior.<\/p>\n<p>Cortinas mais espessas, com forro ou tecidos pesados, criam uma esp\u00e9cie de barreira entre o ar frio junto ao vidro e o restante espa\u00e7o. Ainda assim, mesmo modelos mais simples, j\u00e1 instalados em muitas casas portuguesas, contribuem para reduzir a sensa\u00e7\u00e3o de corrente de ar junto \u00e0s janelas, desde que sejam bem ajustados e cubram toda a superf\u00edcie.<\/p>\n<p class=\"has-medium-font-size\"><strong>Camadas de roupa de cama em vez de um \u00fanico cobertor<\/strong><\/p>\n<p>Nos quartos, os hot\u00e9is tendem a evitar a solu\u00e7\u00e3o de um \u00fanico edred\u00e3o muito pesado. Em alternativa, recorrem a v\u00e1rias camadas mais finas de roupa de cama, desde mantas leves a cobertores e colchas decorativas. Segundo empresas do setor, esta sobreposi\u00e7\u00e3o permite criar bols\u00f5es de ar entre as camadas, refor\u00e7ando o isolamento sem aumentar significativamente o peso sobre o corpo.<\/p>\n<p>Em casa, a l\u00f3gica \u00e9 a mesma. Em vez de depender apenas do edred\u00e3o, pode come\u00e7ar por colocar uma manta t\u00e9rmica leve por baixo, junto ao len\u00e7ol de cima, acrescentando depois um cobertor de l\u00e3 ou uma manta polar na parte superior. Len\u00e7\u00f3is de flanela podem refor\u00e7ar a sensa\u00e7\u00e3o de aconchego nas noites mais frias, sobretudo em casas onde o quarto arrefece rapidamente durante a madrugada.<\/p>\n<p class=\"has-medium-font-size\"><strong>Tapetes e pavimentos: o frio que vem de baixo<\/strong><\/p>\n<p>O ch\u00e3o \u00e9 outra fonte de desconforto t\u00e9rmico, em especial em divis\u00f5es com pavimento cer\u00e2mico ou pedra, comuns em muitas habita\u00e7\u00f5es portuguesas pensadas para o calor do ver\u00e3o. Especialistas em conforto residencial recordam que um pavimento muito frio pode fazer a casa parecer mais fria do que realmente est\u00e1, mesmo que o termostato indique uma temperatura aceit\u00e1vel.<\/p>\n<p>A coloca\u00e7\u00e3o de tapetes, sobretudo junto \u00e0 cama ou em zonas de perman\u00eancia prolongada, como a sala, ajuda a cortar essa sensa\u00e7\u00e3o de frio que vem de baixo. Um tapete de pelo curto ou m\u00e9dio j\u00e1 \u00e9 suficiente para reduzir a perda de calor por contacto com o ch\u00e3o e tornar o espa\u00e7o mais agrad\u00e1vel, sem qualquer consumo adicional de energia.<\/p>\n<p class=\"has-medium-font-size\"><strong>M\u00f3veis longe dos radiadores e aquecedores<\/strong><\/p>\n<p>Outro truque replicado a partir da hotelaria passa pela disposi\u00e7\u00e3o dos m\u00f3veis. Quando camas, sof\u00e1s ou grandes aparadores ficam encostados a radiadores ou bloqueiam a sa\u00edda de ar quente de aparelhos de climatiza\u00e7\u00e3o, parte significativa do calor fica \u201cpresa\u201d atr\u00e1s dos m\u00f3veis. Segundo empresas de alojamento que gerem apartamentos mobilados, reorganizar o espa\u00e7o para desobstruir estas fontes de calor \u00e9 uma das primeiras interven\u00e7\u00f5es a fazer no in\u00edcio do inverno.<\/p>\n<p>Em casa, vale a pena verificar se sof\u00e1s, cortinas demasiado compridas ou mobili\u00e1rio pesado est\u00e3o a impedir que o calor circule livremente. Pequenos ajustes, como afastar ligeiramente o sof\u00e1 do radiador ou encurtar uma cortina que tape a grelha de sa\u00edda de ar, podem melhorar a distribui\u00e7\u00e3o do calor pelas divis\u00f5es. Sempre respeitando as normas de seguran\u00e7a, nomeadamente mantendo dist\u00e2ncia adequada entre equipamentos de aquecimento e materiais inflam\u00e1veis.<\/p>\n<p class=\"has-medium-font-size\"><strong>Poupar na fatura sem prescindir do conforto<\/strong><\/p>\n<p>Numa altura em que as faturas de eletricidade e g\u00e1s continuam a pesar no or\u00e7amento familiar, estrat\u00e9gias de reten\u00e7\u00e3o de calor ganham relev\u00e2ncia. Em vez de subir automaticamente o termostato ou de acrescentar mais um aquecedor, a recomenda\u00e7\u00e3o de quem gere alojamento profissional passa por otimizar primeiro o uso de cortinas, roupa de cama, tapetes e m\u00f3veis, como sublinhado nas recomenda\u00e7\u00f5es reunidas pelo <a href=\"http:\/\/mirror.co.uk\" rel=\"nofollow noopener\" target=\"_blank\">The Mirror<\/a>.<\/p>\n<p>Considerando estas sugest\u00f5es, a combina\u00e7\u00e3o destes truques pode n\u00e3o substituir o aquecimento em dias de frio extremo, mas ajuda a prolongar o per\u00edodo em que a casa se mant\u00e9m confort\u00e1vel depois de desligar os equipamentos. \u00c9 uma forma de trazer para o dia a dia dom\u00e9stico solu\u00e7\u00f5es discretas, testadas na hotelaria, que procuram equilibrar conforto e controlo de custos ao longo do inverno.<\/p>\n<p><strong>Leia tamb\u00e9m: <a href=\"https:\/\/postal.pt\/nacional\/vai-estar-na-rua-as-17-h-protecao-civil-alerta-para-este-fenomeno-climatico-nos-proximos-dias-e-reforca-cuidados\/\" target=\"_blank\" rel=\"noreferrer noopener nofollow\">Vai estar na rua \u00e0s 17 h? Prote\u00e7\u00e3o Civil alerta para este fen\u00f3meno clim\u00e1tico nos pr\u00f3ximos dias e refor\u00e7a \u201ccuidados\u201d<\/a><\/strong><\/p>\n","protected":false},"excerpt":{"rendered":"Num inverno em que muitas fam\u00edlias pensam duas vezes antes de ligar o aquecimento, pequenos ajustes dentro de&hellip;\n","protected":false},"author":2,"featured_media":161910,"comment_status":"","ping_status":"","sticky":false,"template":"","format":"standard","meta":{"footnotes":""},"categories":[10],"tags":[27,28,15,16,14,25,26,21,22,12,13,19,20,32,23,24,33,17,18,29,30,31],"class_list":{"0":"post-161909","1":"post","2":"type-post","3":"status-publish","4":"format-standard","5":"has-post-thumbnail","7":"category-portugal","8":"tag-breaking-news","9":"tag-breakingnews","10":"tag-featured-news","11":"tag-featurednews","12":"tag-headlines","13":"tag-latest-news","14":"tag-latestnews","15":"tag-main-news","16":"tag-mainnews","17":"tag-news","18":"tag-noticias","19":"tag-noticias-principais","20":"tag-noticiasprincipais","21":"tag-portugal","22":"tag-principais-noticias","23":"tag-principaisnoticias","24":"tag-pt","25":"tag-top-stories","26":"tag-topstories","27":"tag-ultimas","28":"tag-ultimas-noticias","29":"tag-ultimasnoticias"},"share_on_mastodon":{"url":"https:\/\/pubeurope.com\/@pt\/115598261168487794","error":""},"_links":{"self":[{"href":"https:\/\/www.europesays.com\/pt\/wp-json\/wp\/v2\/posts\/161909","targetHints":{"allow":["GET"]}}],"collection":[{"href":"https:\/\/www.europesays.com\/pt\/wp-json\/wp\/v2\/posts"}],"about":[{"href":"https:\/\/www.europesays.com\/pt\/wp-json\/wp\/v2\/types\/post"}],"author":[{"embeddable":true,"href":"https:\/\/www.europesays.com\/pt\/wp-json\/wp\/v2\/users\/2"}],"replies":[{"embeddable":true,"href":"https:\/\/www.europesays.com\/pt\/wp-json\/wp\/v2\/comments?post=161909"}],"version-history":[{"count":0,"href":"https:\/\/www.europesays.com\/pt\/wp-json\/wp\/v2\/posts\/161909\/revisions"}],"wp:featuredmedia":[{"embeddable":true,"href":"https:\/\/www.europesays.com\/pt\/wp-json\/wp\/v2\/media\/161910"}],"wp:attachment":[{"href":"https:\/\/www.europesays.com\/pt\/wp-json\/wp\/v2\/media?parent=161909"}],"wp:term":[{"taxonomy":"category","embeddable":true,"href":"https:\/\/www.europesays.com\/pt\/wp-json\/wp\/v2\/categories?post=161909"},{"taxonomy":"post_tag","embeddable":true,"href":"https:\/\/www.europesays.com\/pt\/wp-json\/wp\/v2\/tags?post=161909"}],"curies":[{"name":"wp","href":"https:\/\/api.w.org\/{rel}","templated":true}]}}