{"id":161913,"date":"2025-11-23T09:21:41","date_gmt":"2025-11-23T09:21:41","guid":{"rendered":"https:\/\/www.europesays.com\/pt\/161913\/"},"modified":"2025-11-23T09:21:41","modified_gmt":"2025-11-23T09:21:41","slug":"marisa-partilha-a-memoria-mais-dolorosa-da-sua-vida-o-meu-aniversario-nunca-mais-foi-o-mesmo-secret-story","status":"publish","type":"post","link":"https:\/\/www.europesays.com\/pt\/161913\/","title":{"rendered":"Marisa partilha a mem\u00f3ria mais dolorosa da sua vida: \u00abO meu anivers\u00e1rio nunca mais foi o mesmo\u00bb &#8211; Secret Story"},"content":{"rendered":"<p style=\"margin-bottom:11px\">Numa din\u00e2mica emotiva em que os concorrentes tinham de passar o novelo uns aos outros e contar hist\u00f3rias comoventes, <a href=\"https:\/\/tvi.iol.pt\/secretstory\/search?pagina=1&amp;pesquisa=marisa\" rel=\"nofollow noopener\" target=\"_blank\">Marisa partilhou<\/a> <strong>uma das maiores &#8220;cicatrizes&#8221; da sua vida<\/strong>. No dia em que completava 15 anos,<strong> a concorrente perdeu a av\u00f3, numa luta contra o cancro.<\/strong><\/p>\n<p><a href=\"https:\/\/tvi.iol.pt\/secretstory\/search?pagina=1&amp;pesquisa=marisa\" rel=\"nofollow noopener\" target=\"_blank\">A concorrente <\/a>come\u00e7ou<strong> por contar tudo sobre a rela\u00e7\u00e3o que tinha com a av\u00f3<\/strong>: \u00abA minha av\u00f3 era como se fosse uma m\u00e3e para n\u00f3s (\u2026) todo o dinheirinho que ela juntava era para dar a todos os netos. At\u00e9 que um dia foi-lhe diagnosticado um cancro e ela nunca mais voltou a ser a mesma a partir da\u00ed.\u00bb<\/p>\n<p><a href=\"https:\/\/tvi.iol.pt\/secretstory\/search?pagina=1&amp;pesquisa=marisa\" rel=\"nofollow noopener\" target=\"_blank\">Marisa acrescentou ainda<\/a> <strong>a mem\u00f3ria mais dura que tem<\/strong>: \u00abEla sa\u00eda para fazer os tratamentos, quando voltava vinha cansada. Uma mulher guerreira como eu sempre a conheci, a partir do momento em que ela adoeceu, foi v\u00ea-la a desfalecer, desfalecer e desfalecer. O maior choque que eu tive foi quando a minha av\u00f3 teve de ficar mais tempo a fazer tratamento no hospital e, quando ela regressou a casa, ela n\u00e3o trazia cabelo nenhum\u00bb.<\/p>\n<p>A av\u00f3 da concorrente <strong>acabou por morrer no dia em que Marisa completava apenas 15 anos<\/strong>: &#8220;Isto passou, at\u00e9 que no dia 4 de outubro, que \u00e9 o dia que eu fa\u00e7o anos, acordei toda feliz, porque fazia anos e ia ser a minha festa. E vem a minha m\u00e3e a gritar, a dizer que tinham ligado do hospital a dizer que a minha av\u00f3 tinha morrido. Eu fazia 15 anos nesse dia. A partir da\u00ed, o meu anivers\u00e1rio nunca mais foi o mesmo&#8221;.<\/p>\n<p><strong>Veja o momento aqui:<\/strong><\/p>\n<p>\u00a0<\/p>\n","protected":false},"excerpt":{"rendered":"Numa din\u00e2mica emotiva em que os concorrentes tinham de passar o novelo uns aos outros e contar hist\u00f3rias&hellip;\n","protected":false},"author":2,"featured_media":161914,"comment_status":"","ping_status":"","sticky":false,"template":"","format":"standard","meta":{"footnotes":""},"categories":[142],"tags":[8113,13828,2632,329,333,328,335,336,114,115,334,330,1326,338,19184,19019,13,32,33,1315,8174,151,162,19020,227],"class_list":{"0":"post-161913","1":"post","2":"type-post","3":"status-publish","4":"format-standard","5":"has-post-thumbnail","7":"category-tv","8":"tag-alice-alves","9":"tag-avo","10":"tag-casa-dos-segredos","11":"tag-claudio-ramos","12":"tag-comentadores","13":"tag-concorrentes","14":"tag-confrontos","15":"tag-discussoes","16":"tag-entertainment","17":"tag-entretenimento","18":"tag-exclusivos","19":"tag-gala","20":"tag-mafalda-castro","21":"tag-maria-botelho-moniz","22":"tag-marisa","23":"tag-marta-cardoso","24":"tag-noticias","25":"tag-portugal","26":"tag-pt","27":"tag-secret-story","28":"tag-segredos","29":"tag-tv","30":"tag-tvi","31":"tag-video-do-dia","32":"tag-videos"},"share_on_mastodon":{"url":"https:\/\/pubeurope.com\/@pt\/115598280801002083","error":""},"_links":{"self":[{"href":"https:\/\/www.europesays.com\/pt\/wp-json\/wp\/v2\/posts\/161913","targetHints":{"allow":["GET"]}}],"collection":[{"href":"https:\/\/www.europesays.com\/pt\/wp-json\/wp\/v2\/posts"}],"about":[{"href":"https:\/\/www.europesays.com\/pt\/wp-json\/wp\/v2\/types\/post"}],"author":[{"embeddable":true,"href":"https:\/\/www.europesays.com\/pt\/wp-json\/wp\/v2\/users\/2"}],"replies":[{"embeddable":true,"href":"https:\/\/www.europesays.com\/pt\/wp-json\/wp\/v2\/comments?post=161913"}],"version-history":[{"count":0,"href":"https:\/\/www.europesays.com\/pt\/wp-json\/wp\/v2\/posts\/161913\/revisions"}],"wp:featuredmedia":[{"embeddable":true,"href":"https:\/\/www.europesays.com\/pt\/wp-json\/wp\/v2\/media\/161914"}],"wp:attachment":[{"href":"https:\/\/www.europesays.com\/pt\/wp-json\/wp\/v2\/media?parent=161913"}],"wp:term":[{"taxonomy":"category","embeddable":true,"href":"https:\/\/www.europesays.com\/pt\/wp-json\/wp\/v2\/categories?post=161913"},{"taxonomy":"post_tag","embeddable":true,"href":"https:\/\/www.europesays.com\/pt\/wp-json\/wp\/v2\/tags?post=161913"}],"curies":[{"name":"wp","href":"https:\/\/api.w.org\/{rel}","templated":true}]}}