{"id":161915,"date":"2025-11-23T09:25:11","date_gmt":"2025-11-23T09:25:11","guid":{"rendered":"https:\/\/www.europesays.com\/pt\/161915\/"},"modified":"2025-11-23T09:25:11","modified_gmt":"2025-11-23T09:25:11","slug":"a-surpreendente-ligacao-entre-cabelos-grisalhos-e-cancer","status":"publish","type":"post","link":"https:\/\/www.europesays.com\/pt\/161915\/","title":{"rendered":"A surpreendente liga\u00e7\u00e3o entre cabelos grisalhos e c\u00e2ncer"},"content":{"rendered":"<p>O surgimento dos cabelos brancos costuma ser visto como um marco natural da passagem do tempo. Mas um estudo recente com camundongos mostra que o processo pode envolver algo mais complexo do que a simples perda de pigmento. Os pesquisadores observaram que, em situa\u00e7\u00f5es espec\u00edficas, o grisalho pode funcionar como um sinal externo de um mecanismo interno de preven\u00e7\u00e3o contra muta\u00e7\u00f5es que levam ao c\u00e2ncer.<\/p>\n<p>A pesquisa analisou como c\u00e9lulas ligadas \u00e0 pigmenta\u00e7\u00e3o reagem a diferentes tipos de danos no DNA, um processo intrinsecamente ligado tanto ao envelhecimento quanto aos tumores. A partir disso, surgiu uma hip\u00f3tese intrigante: cada fio que perde cor pode representar uma esp\u00e9cie de resposta de prote\u00e7\u00e3o celular.<\/p>\n<p><b>O papel das c\u00e9lulas-tronco dentro dos fol\u00edculos<\/b><\/p>\n<p>Para entender o fen\u00f4meno, o estudo analisou as c\u00e9lulas-tronco de melan\u00f3citos, localizadas no interior dos fol\u00edculos capilares. Elas s\u00e3o respons\u00e1veis por repor as c\u00e9lulas produtoras de pigmento ao longo dos ciclos naturais de crescimento e queda dos fios. Em condi\u00e7\u00f5es normais, esse sistema trabalha de maneira sincronizada, garantindo que a cor do cabelo se mantenha est\u00e1vel durante grande parte da vida.<\/p>\n<p>Essas c\u00e9lulas, por\u00e9m, est\u00e3o em constante exposi\u00e7\u00e3o a danos no DNA causados por fatores como radia\u00e7\u00e3o ultravioleta, subst\u00e2ncias qu\u00edmicas e at\u00e9 processos metab\u00f3licos naturais. Essas agress\u00f5es podem tanto acelerar o envelhecimento quanto favorecer o surgimento de doen\u00e7as como o melanoma, um c\u00e2ncer associado aos melan\u00f3citos.<\/p>\n<p><b>Por que alguns fios ficam brancos<\/b><\/p>\n<p>O estudo identificou que, quando as c\u00e9lulas-tronco de melan\u00f3citos sofrem um tipo espec\u00edfico de dano, como a quebra de fita dupla no DNA, elas podem entrar em um processo chamado senodiferencia\u00e7\u00e3o. Nesse mecanismo, a c\u00e9lula deixa de ser uma c\u00e9lula-tronco, amadurece de forma irrevers\u00edvel e atua como c\u00e9lula pigment\u00e1ria por um curto per\u00edodo antes de desaparecer.<\/p>\n<p>A consequ\u00eancia direta \u00e9 que o fol\u00edculo perde uma parte do estoque de c\u00e9lulas necess\u00e1rias para manter a colora\u00e7\u00e3o do cabelo. O resultado, vis\u00edvel do lado de fora, \u00e9 o embranquecimento gradual dos fios. Do ponto de vista interno, trata-se de uma estrat\u00e9gia de prote\u00e7\u00e3o: ao retirar essas c\u00e9lulas danificadas da reserva de c\u00e9lulas-tronco, o organismo impede que muta\u00e7\u00f5es se acumulem e se tornem potencialmente perigosas.<\/p>\n<p><b>Quando o mecanismo falha e abre espa\u00e7o para o c\u00e2ncer<\/b><\/p>\n<p>A pesquisa, no entanto, mostrou que esse processo n\u00e3o ocorre sempre da mesma maneira. Em experimentos com carcin\u00f3genos potentes e radia\u00e7\u00e3o UV, as c\u00e9lulas-tronco danificadas ignoraram completamente a senodiferencia\u00e7\u00e3o. Em vez de se retirar do ciclo, continuaram a se renovar e se dividir, mesmo carregando danos gen\u00e9ticos.<\/p>\n<p>Segundo os cientistas, isso ocorreu porque sinais vindos do microambiente ao redor dos fol\u00edculos incentivavam a continuidade da divis\u00e3o celular, criando um cen\u00e1rio favor\u00e1vel para o surgimento do melanoma. Nesse contexto, as c\u00e9lulas deixavam de agir como barreira de prote\u00e7\u00e3o e podiam se transformar em ponto de partida para tumores.<\/p>\n<p>Essa din\u00e2mica foi descrita pelos pesquisadores como \u201cdestinos antag\u00f4nicos\u201d, j\u00e1 que a mesma popula\u00e7\u00e3o de c\u00e9lulas pode seguir caminhos totalmente diferentes dependendo do tipo de dano e das condi\u00e7\u00f5es do tecido.<\/p>\n<p><img loading=\"lazy\" decoding=\"async\" class=\"size-full wp-image-288894\" src=\"https:\/\/www.europesays.com\/pt\/wp-content\/uploads\/2025\/11\/cabelo-grisalho-cancer2.png\" alt=\"Cabelos grisalhos e c\u00e2ncer t\u00eam rela\u00e7\u00e3o? Foto: FreePik\" width=\"714\" height=\"457\"  \/>A surpreendente liga\u00e7\u00e3o entre cabelos grisalhos e c\u00e2ncer. Foto: FreePik<br \/>\n<b>O que os cabelos brancos podem indicar sobre o corpo<\/b><\/p>\n<p>Os achados do estudo sugerem que o grisalho e o risco de c\u00e2ncer n\u00e3o s\u00e3o eventos isolados, mas diferentes respostas a uma mesma luta biol\u00f3gica: equilibrar a renova\u00e7\u00e3o dos tecidos e evitar o ac\u00famulo de muta\u00e7\u00f5es perigosas. <\/p>\n<p>Perder pigmento pode ser, em muitos casos, um efeito colateral de uma defesa eficiente contra danos celulares. Mas quando esse sistema \u00e9 desregulado, seja por influ\u00eancias externas, seja por fatores gen\u00e9ticos, abre-se espa\u00e7o para comportamentos celulares de risco.<\/p>\n<p>Isso ajuda a explicar por que o envelhecimento est\u00e1 associado tanto ao aumento dos cabelos brancos quanto a uma maior incid\u00eancia de c\u00e2ncer. N\u00e3o porque um causa o outro, mas porque ambos derivam dos mesmos mecanismos internos que v\u00e3o se desgastando com o tempo.<\/p>\n<p><b>O que ainda precisa ser estudado<\/b><\/p>\n<p>Apesar dos resultados promissores, h\u00e1 limites claros. Grande parte das conclus\u00f5es vem de experimentos em camundongos e ainda \u00e9 preciso entender como esses processos funcionam em humanos. Diferen\u00e7as de biologia, gen\u00e9tica e ambiente podem alterar significativamente o comportamento das c\u00e9lulas-tronco de melan\u00f3citos.<\/p>\n<p>Mesmo assim, a pesquisa abre novas possibilidades para compreender o envelhecimento e o desenvolvimento de tumores. Compreender os sinais que determinam se uma c\u00e9lula danificada ser\u00e1 eliminada ou continuar\u00e1 a se dividir pode, no futuro, ajudar a desenvolver estrat\u00e9gias de preven\u00e7\u00e3o e terapias mais precisas.<\/p>\n<p><b>Resumo:<\/b><b><br \/><\/b>Um estudo com camundongos indica que a perda de pigmenta\u00e7\u00e3o do cabelo pode estar ligada a um mecanismo de prote\u00e7\u00e3o contra muta\u00e7\u00f5es que levam ao c\u00e2ncer. As c\u00e9lulas-tronco de melan\u00f3citos podem se sacrificar para evitar riscos, mas sob certos est\u00edmulos esse sistema falha, favorecendo o melanoma. A pesquisa refor\u00e7a como envelhecimento e c\u00e2ncer compartilham processos celulares semelhantes.<\/p>\n<p><b>Leia tamb\u00e9m:<\/b><\/p>\n<p><a href=\"https:\/\/revistaanamaria.com.br\/bem-estar-e-saude\/8-fatos-sobre-o-cancer-de-mama-que-voce-precisa-conhecer\/\" rel=\"nofollow noopener\" target=\"_blank\">8 fatos do c\u00e2ncer de mama que voc\u00ea precisa conhecer<\/a><\/p>\n<p>\t\t\t<img loading=\"lazy\" decoding=\"async\" alt=\"L\u00edgia Menezes\" src=\"https:\/\/www.europesays.com\/pt\/wp-content\/uploads\/2025\/09\/Ligia-Menezes-150x150.jpg\"  class=\"avatar avatar-80 photo\" height=\"80\" width=\"80\"\/>\t\t<\/p>\n<p>\t\t\t\t<a href=\"https:\/\/revistaanamaria.com.br\/author\/ligia-menezes\/\" rel=\"nofollow noopener\" target=\"_blank\"><br \/>\n\t\t\t\t\tL\u00edgia Menezes\t\t\t\t<\/a><\/p>\n<p class=\"jeg_author_desc\">\n\t\t\t\tL\u00edgia Menezes (@ligiagmenezes) \u00e9 jornalista, p\u00f3s-graduada em marketing digital e SEO, casada e m\u00e3e de um menininho de 3 anos. Autora de livros infantis, adora viajar e comer. Em AnaMaria atua como editora e gestora. Escreve sobre maternidade, fam\u00edlia, comportamento e tudo o que for relacionado!\t\t\t<\/p>\n","protected":false},"excerpt":{"rendered":"O surgimento dos cabelos brancos costuma ser visto como um marco natural da passagem do tempo. Mas um&hellip;\n","protected":false},"author":2,"featured_media":161916,"comment_status":"","ping_status":"","sticky":false,"template":"","format":"standard","meta":{"footnotes":""},"categories":[86],"tags":[116,32,33,117],"class_list":{"0":"post-161915","1":"post","2":"type-post","3":"status-publish","4":"format-standard","5":"has-post-thumbnail","7":"category-saude","8":"tag-health","9":"tag-portugal","10":"tag-pt","11":"tag-saude"},"share_on_mastodon":{"url":"https:\/\/pubeurope.com\/@pt\/115598296899187886","error":""},"_links":{"self":[{"href":"https:\/\/www.europesays.com\/pt\/wp-json\/wp\/v2\/posts\/161915","targetHints":{"allow":["GET"]}}],"collection":[{"href":"https:\/\/www.europesays.com\/pt\/wp-json\/wp\/v2\/posts"}],"about":[{"href":"https:\/\/www.europesays.com\/pt\/wp-json\/wp\/v2\/types\/post"}],"author":[{"embeddable":true,"href":"https:\/\/www.europesays.com\/pt\/wp-json\/wp\/v2\/users\/2"}],"replies":[{"embeddable":true,"href":"https:\/\/www.europesays.com\/pt\/wp-json\/wp\/v2\/comments?post=161915"}],"version-history":[{"count":0,"href":"https:\/\/www.europesays.com\/pt\/wp-json\/wp\/v2\/posts\/161915\/revisions"}],"wp:featuredmedia":[{"embeddable":true,"href":"https:\/\/www.europesays.com\/pt\/wp-json\/wp\/v2\/media\/161916"}],"wp:attachment":[{"href":"https:\/\/www.europesays.com\/pt\/wp-json\/wp\/v2\/media?parent=161915"}],"wp:term":[{"taxonomy":"category","embeddable":true,"href":"https:\/\/www.europesays.com\/pt\/wp-json\/wp\/v2\/categories?post=161915"},{"taxonomy":"post_tag","embeddable":true,"href":"https:\/\/www.europesays.com\/pt\/wp-json\/wp\/v2\/tags?post=161915"}],"curies":[{"name":"wp","href":"https:\/\/api.w.org\/{rel}","templated":true}]}}