{"id":161918,"date":"2025-11-23T09:31:11","date_gmt":"2025-11-23T09:31:11","guid":{"rendered":"https:\/\/www.europesays.com\/pt\/161918\/"},"modified":"2025-11-23T09:31:11","modified_gmt":"2025-11-23T09:31:11","slug":"quem-sao-os-jogadores-que-trairam-mourinho-e-o-benfica-no-restelo","status":"publish","type":"post","link":"https:\/\/www.europesays.com\/pt\/161918\/","title":{"rendered":"Quem s\u00e3o os jogadores que &#8220;tra\u00edram&#8221; Mourinho (e o Benfica) no Restelo?"},"content":{"rendered":"<p>A visita do Benfica ao Atl\u00e9tico CP (2-0), na sexta-feira, contou com novo desfecho pol\u00e9mico, desta vez, sem men\u00e7\u00e3o \u00e0 arbitragem. Ap\u00f3s uma primeira parte de baixo n\u00edvel, no Restelo, Jos\u00e9 Mourinho voltou a disparar cr\u00edticas aos jogadores, falando mesmo em &#8220;trai\u00e7\u00e3o, entre aspas&#8221;. As \u00e1guias seguiram em frente, na Ta\u00e7a de Portugal, mas o t\u00e9cnico portugu\u00eas deixou em evid\u00eancia que h\u00e1 jogadores que podem ter os dias contados na Luz.\u00a0<\/p>\n<p><a href=\"https:\/\/www.noticiasaominuto.com\/desporto\/2892612\/d\" target=\"_blank\" rel=\"noopener nofollow\">&#8220;N\u00e3o gosto de jogadores que me traem&#8221;, atirou Mourinho, na flash interview da RTP<\/a>, j\u00e1 depois de ter manifestado a inten\u00e7\u00e3o de fazer nove altera\u00e7\u00f5es ao intervalo, ao inv\u00e9s das quatro operadas.\u00a0<\/p>\n<p>&#8220;Ao intervalo, identifiquei os jogadores que manteria de bom grado. Havia dois que queriam jogar. Os jogos s\u00e3o para levar a s\u00e9rio. Os outros nove n\u00e3o estavam&#8221;, afirmou Mourinho, revelando que os \u00fanicos dois que cumpriram ao que foi pedido foram o capit\u00e3o Nicol\u00e1s Otamendi e o estreante Rodrigo R\u00eago.\u00a0<\/p>\n<p>&#8220;Sabia uma coisa relativamente ao R\u00eago: n\u00e3o poderia antecipar se ele faria um grande jogo, se teria muita qualidade no seu jogo, mas sabia que n\u00e3o me iria trair. E n\u00e3o gosto de jogadores que me traem&#8221;, vincou Mourinho na mesma entrevista r\u00e1pida.<\/p>\n<p>                                                    <img decoding=\"async\" src=\"https:\/\/www.europesays.com\/pt\/wp-content\/uploads\/2025\/11\/naom_6911c4519f9d0.jpg\" border=\"0\" alt=\"\"\/><\/p>\n<p>De Inglaterra \u00e0 Turquia, ningu\u00e9m ficou indiferente \u00e0s duras cr\u00edticas tecidas por Jos\u00e9 Mourinho aos pr\u00f3prios jogadores do Benfica, ap\u00f3s o triunfo sobre o Atl\u00e9tico CP, por 0-2, que valeu o apuramento para os oitavos de final da Ta\u00e7a de Portugal.<\/p>\n<p>                                                     Carlos Pereira Fernandes | 10:52 &#8211; 22\/11\/2025 <\/p>\n<p>Afinal, quem traiu Mourinho?\u00a0<\/p>\n<p>Trai\u00e7\u00e3o \u00e9 uma palavra forte, e Mourinho sabe disso melhor do que ningu\u00e9m. Na confer\u00eancia de imprensa, e j\u00e1 com a cabe\u00e7a mais fria, o treinador do Benfica esclareceu que usou &#8220;trai\u00e7\u00e3o, entre aspas&#8221;, mas n\u00e3o deixou de refor\u00e7ar a mensagem de que h\u00e1 jogadores no plantel a desperdi\u00e7arem oportunidades, visando nove titulares.\u00a0<\/p>\n<p>&#8220;Um gigante n\u00e3o deve adormecer. Um gigante tem uma massa adepta gigante. Um gigante ganha muito dinheiro. Um gigante tem muitas regalias. Um gigante tem \u00f3timas condi\u00e7\u00f5es de trabalho. Um gigante n\u00e3o pode brincar ao futebol e n\u00e3o pode ter atitudes que alguns jogadores tiveram na primeira parte&#8221;, lamentou Mourinho.\u00a0<\/p>\n<p>Olhando para o onze do Benfica, e retirando os nomes de Otamendi e Rodrigo R\u00eago, os nove &#8216;traidores&#8217; ser\u00e3o Samuel Soares, Dedic, Ant\u00f3nio Silva, Tom\u00e1s Ara\u00fajo, Enzo Aursnes, Enzo Barrenechea, Jo\u00e3o R\u00eago, Pavlidis e Ivanovic.<\/p>\n<p>No entanto, os \u00fanicos quatro &#8216;sacrificados&#8217; ao intervalo foram Tom\u00e1s Ara\u00fajo, Enzo, Jo\u00e3o R\u00eago e Ivanovic. Todos estes jogadores estiveram, de facto, bem abaixo do n\u00edvel exigido, sendo que o jovem da forma\u00e7\u00e3o ser\u00e1 o que ter\u00e1 menos responsabilidades, precisamente, pela tenra idade.\u00a0<\/p>\n<p>Enzo, por sua vez, revelou-se muito desastroso no meio-campo, distante dos primeiros sinais dados de \u00e1guia ao peito, ao passo que Ivanovic tamb\u00e9m esteve longe de ser uma s\u00e9ria amea\u00e7a para o Atl\u00e9tico.<\/p>\n<p>O avan\u00e7ado croata desperdi\u00e7ou uma bela oportunidade para conseguir ter mais minutos no futuro, <a href=\"https:\/\/www.noticiasaominuto.com\/desporto\/2887638\/mourinho-esquece-ivanovic-e-nao-so-e-ja-traca-caminho-para-o-mercado\" target=\"_blank\" rel=\"noopener nofollow\">numa altura em que at\u00e9 j\u00e1 se fala no desejo de Mourinho em contar com um novo ponta de lan\u00e7a, a partir de janeiro, para rivalizar com Vangelis Pavlidis.\u00a0<\/a><\/p>\n<p>Nota, ainda, para aquele cart\u00e3o amarelo para Ivanovic, por simula\u00e7\u00e3o, \u00e0 entrada da grande \u00e1rea advers\u00e1ria. Ter\u00e1 sido a gota de \u00e1gua para Mourinho.\u00a0<\/p>\n<p>No caso de Tom\u00e1s Ara\u00fajo as sucessivas desaten\u00e7\u00f5es e passos falhados devem estar na origem do desagrado do treinador de 62 anos.\u00a0<\/p>\n<p>&#8220;N\u00e3o me venham bater \u00e0 porta&#8221;\u00a0<\/p>\n<p>A ira de Mourinho apenas foi acalmada pela boa surpresa protagonizada por Rodrigo R\u00eago. O treinador das \u00e1guias destacou a &#8220;intensidade&#8221; do jovem extremo de 20 anos e at\u00e9 anunciou que est\u00e1 convocado para o jogo com o Ajax, em Amesterd\u00e3o.<\/p>\n<p>&#8220;N\u00e3o me defraudou em nada. O meu interesse no Rodrigo parte dos primeiros dias depois de ter chegado. Chamou-me a aten\u00e7\u00e3o pela atitude que tem em cada jogo e em cada treino. Trabalha em intensidades alt\u00edssimas. Tem muito car\u00e1cter e pode jogar em sistemas diferentes&#8221;, argumentou Mourinho, antes de deixar um s\u00e9rio aviso aos jogadores mais experientes.\u00a0<\/p>\n<p>&#8220;N\u00e3o tem idade para jogar na Youth League. vai ficar comigo e vai estar para jogar, de in\u00edcio ou no banco. Quem n\u00e3o aproveita oportunidades e v\u00ea mi\u00fados passar \u00e0 frente, que n\u00e3o me venha bater \u00e0 porta a perguntar porqu\u00ea&#8221;, rematou Mourinho.\u00a0<\/p>\n<p>A les\u00e3o de Lukebakio, que apenas dever\u00e1 voltar em meados de fevereiro, escancara, assim, a porta a um novo ataque ao mercado, mas Rodrigo R\u00eago ter\u00e1 caminho aberto para se afirmar na equipa principal das \u00e1guias.\u00a0<\/p>\n<p>J\u00e1 na ter\u00e7a-feira, h\u00e1 novo e decisivo teste para o Benfica, na Liga dos Campe\u00f5es. As \u00e1guias v\u00e3o medir for\u00e7as com o Ajax, a outra equipa que tamb\u00e9m ainda n\u00e3o pontuou na prova milion\u00e1ria. Um novo deslize nos Pa\u00edses Baixos poder\u00e1 confirmar que o Benfica n\u00e3o tem futuro na Champions.\u00a0<\/p>\n<p>Leia Tamb\u00e9m: <a href=\"https:\/\/www.noticiasaominuto.com\/desporto\/2892754\/rajada-tipica-ira-de-mourinho-apos-o-atletico-benfica-ja-corre-mundo\" target=\"_blank\" rel=\"noopener noreferrer nofollow\">&#8220;Rajada t\u00edpica&#8221;. Ira de Mourinho ap\u00f3s o Atl\u00e9tico-Benfica j\u00e1 corre mundo<\/a><\/p>\n","protected":false},"excerpt":{"rendered":"A visita do Benfica ao Atl\u00e9tico CP (2-0), na sexta-feira, contou com novo desfecho pol\u00e9mico, desta vez, sem&hellip;\n","protected":false},"author":2,"featured_media":161919,"comment_status":"","ping_status":"","sticky":false,"template":"","format":"standard","meta":{"footnotes":""},"categories":[8],"tags":[27,28,15,16,14,25,26,21,22,12,13,19,20,32,23,24,33,17,18,29,30,31],"class_list":{"0":"post-161918","1":"post","2":"type-post","3":"status-publish","4":"format-standard","5":"has-post-thumbnail","7":"category-principais-noticias","8":"tag-breaking-news","9":"tag-breakingnews","10":"tag-featured-news","11":"tag-featurednews","12":"tag-headlines","13":"tag-latest-news","14":"tag-latestnews","15":"tag-main-news","16":"tag-mainnews","17":"tag-news","18":"tag-noticias","19":"tag-noticias-principais","20":"tag-noticiasprincipais","21":"tag-portugal","22":"tag-principais-noticias","23":"tag-principaisnoticias","24":"tag-pt","25":"tag-top-stories","26":"tag-topstories","27":"tag-ultimas","28":"tag-ultimas-noticias","29":"tag-ultimasnoticias"},"share_on_mastodon":{"url":"https:\/\/pubeurope.com\/@pt\/115598320568767731","error":""},"_links":{"self":[{"href":"https:\/\/www.europesays.com\/pt\/wp-json\/wp\/v2\/posts\/161918","targetHints":{"allow":["GET"]}}],"collection":[{"href":"https:\/\/www.europesays.com\/pt\/wp-json\/wp\/v2\/posts"}],"about":[{"href":"https:\/\/www.europesays.com\/pt\/wp-json\/wp\/v2\/types\/post"}],"author":[{"embeddable":true,"href":"https:\/\/www.europesays.com\/pt\/wp-json\/wp\/v2\/users\/2"}],"replies":[{"embeddable":true,"href":"https:\/\/www.europesays.com\/pt\/wp-json\/wp\/v2\/comments?post=161918"}],"version-history":[{"count":0,"href":"https:\/\/www.europesays.com\/pt\/wp-json\/wp\/v2\/posts\/161918\/revisions"}],"wp:featuredmedia":[{"embeddable":true,"href":"https:\/\/www.europesays.com\/pt\/wp-json\/wp\/v2\/media\/161919"}],"wp:attachment":[{"href":"https:\/\/www.europesays.com\/pt\/wp-json\/wp\/v2\/media?parent=161918"}],"wp:term":[{"taxonomy":"category","embeddable":true,"href":"https:\/\/www.europesays.com\/pt\/wp-json\/wp\/v2\/categories?post=161918"},{"taxonomy":"post_tag","embeddable":true,"href":"https:\/\/www.europesays.com\/pt\/wp-json\/wp\/v2\/tags?post=161918"}],"curies":[{"name":"wp","href":"https:\/\/api.w.org\/{rel}","templated":true}]}}