{"id":161924,"date":"2025-11-23T09:41:11","date_gmt":"2025-11-23T09:41:11","guid":{"rendered":"https:\/\/www.europesays.com\/pt\/161924\/"},"modified":"2025-11-23T09:41:11","modified_gmt":"2025-11-23T09:41:11","slug":"novo-estudo-sobre-neandertal-de-altamura-desvenda-misterio-da-adaptacao-ao-frio","status":"publish","type":"post","link":"https:\/\/www.europesays.com\/pt\/161924\/","title":{"rendered":"Novo estudo sobre Neandertal de Altamura desvenda mist\u00e9rio da adapta\u00e7\u00e3o ao frio"},"content":{"rendered":"<p class=\"category\"><a href=\"https:\/\/sicnoticias.pt\/ciencia\" rel=\"nofollow noopener\" target=\"_blank\">Ci\u00eancia<\/a><\/p>\n<p>A investiga\u00e7\u00e3o encerra d\u00e9cadas de debate cient\u00edfico sobre como os Neandertais se adaptaram aos climas frios europeus.<\/p>\n<p><img decoding=\"async\" src=\"https:\/\/www.europesays.com\/pt\/wp-content\/uploads\/2025\/11\/1763890871_188_original.webp\" alt=\"Reconstru\u00e7\u00e3o digital da cavidade nasal direita (a amarelo) do cr\u00e2nio neandertal de Altamura  \"\/><\/p>\n<p>Reconstru\u00e7\u00e3o digital da cavidade nasal direita (a amarelo) do cr\u00e2nio neandertal de Altamura  <\/p>\n<p>Costantino Buzi<\/p>\n<p><strong>Uma nova investiga\u00e7\u00e3o sobre o Neandertal de Altamura (It\u00e1lia), um dos esqueletos f\u00f3sseis mais excecionais e um verdadeiro s\u00edmbolo da paleoantropologia <\/strong><strong>analisou as estruturas internas do nariz desta esp\u00e9cie extinta e <\/strong><strong>apresentou novas ideias sobre a morfologia facial desta esp\u00e9cie e a sua adapta\u00e7\u00e3o ao frio.<\/strong><\/p>\n<p>O estudo, liderado por investigadores italianos e publicado na<a href=\"https:\/\/www.pnas.org\/doi\/10.1073\/pnas.2426309122\" target=\"_blank\" rel=\"noopener noreferrer nofollow\"> revista Proceedings of the National Academy of Sciences (PNAS)<\/a>, concluiu que <strong>os Neandertais n\u00e3o possu\u00edam caracter\u00edsticas internas \u00fanicas na cavidade nasal, encerrando d\u00e9cadas de debate cient\u00edfico sobre como esta esp\u00e9cie se adaptou ao frio europeu.<\/strong><\/p>\n<p>A investiga\u00e7\u00e3o demonstra que, apesar da grande abertura nasal e do prognatismo m\u00e9dio-facial, <strong>o nariz do Neandertal era perfeitamente eficiente para as suas necessidades energ\u00e9ticas.<\/strong><\/p>\n<p>Um cr\u00e2nio de Neandertal foi descoberto numa gruta em Altamura, It\u00e1lia, em 1993. <\/p>\n<p>Constantino Buzi\/IPHES-CERCA<\/p>\n<p>O <strong>Neandertal<\/strong> mais antigo que se conhece<\/p>\n<p>Durante d\u00e9cadas, a dificuldade de acesso \u00e0 parte da gruta onde se encontra impediu o estudo dos restos mortais, inicialmente atribu\u00eddos ao Homo heidelbergensis, at\u00e9 2015, quando uma equipa de cientistas da Universidade Sapienza de Roma (It\u00e1lia) inseriu um bra\u00e7o rob\u00f3tico e extraiu uma amostra da omoplata direita do esqueleto.<\/p>\n<p>Esta an\u00e1lise gen\u00e9tica confirmou que se tratava de<strong> um Neandertal de h\u00e1 entre 130.000 e 172.000 anos, um dos mais antigos conhecidos at\u00e9 \u00e0 data.<\/strong><\/p>\n<p>Os <a href=\"https:\/\/sicnoticias.pt\/pesquisa?q=Neandertais\" target=\"_blank\" rel=\"noopener noreferrer nofollow\">Neandertais<\/a>, esp\u00e9cie humana extinta que habitou a Europa, o M\u00e9dio Oriente e a \u00c1sia Central durante o Pleistoceno e coexistiu com o Homo sapiens, s\u00e3o essenciais para a compreens\u00e3o da evolu\u00e7\u00e3o humana.<\/p>\n<p>A sua anatomia, muito mais robusta do que a dos humanos modernos, inclu\u00eda um t\u00f3rax amplo, uma bacia larga e membros curtos &#8211; <strong>uma s\u00e9rie de caracter\u00edsticas que provavelmente permitiram \u00e0 esp\u00e9cie adaptar-se ao clima frio.<\/strong><\/p>\n<p>Contudo, embora o corpo do Neandertal reflita essa adapta\u00e7\u00e3o, o seu rosto e nariz n\u00e3o se encaixam nesse padr\u00e3o: esses humanos <strong>possu\u00edam uma abertura nasal muito ampla e um rosto projetado para a frente<\/strong> &#8211;\u00a0conhecido como prognatismo m\u00e9dio-facial &#8211;\u00a0caracter\u00edsticas aparentemente contradit\u00f3rias \u00e0s adapta\u00e7\u00f5es usuais ao frio.<\/p>\n<p>Para explicar este paradoxo, alguns cientistas propuseram que os Neandertais desenvolveram caracter\u00edsticas internas \u00fanicas na cavidade nasal que os ajudaram a compensar a falta de adapta\u00e7\u00e3o externa do nariz, argumentos que alimentaram um debate complexo e prolongado durante d\u00e9cadas sobre a adapta\u00e7\u00e3o desta esp\u00e9cie ao frio.<\/p>\n<p>Adapta\u00e7\u00e3o do Neandertal ao frio da Europa<\/p>\n<p>A nova investiga\u00e7\u00e3o liderada por Constantino Buzi, investigador da Universidade de Perugia e afiliado no Instituto Catal\u00e3o de Paleoecologia Humana e Evolu\u00e7\u00e3o Social (IPHES-CERCA), analisou a morfologia nasal dos Neandertais, recorreu a tecnologia endosc\u00f3pica de alta resolu\u00e7\u00e3o e conseguiu analisar as estruturas internas do nariz do Neandertal de Altamura com um detalhe sem precedentes, apresentou resultados conclusivos: <strong>a esp\u00e9cie n\u00e3o apresenta caracter\u00edsticas internas \u00fanicas nem adapta\u00e7\u00f5es internas espec\u00edficas.<\/strong><\/p>\n<p>Alguns cientistas fizeram suposi\u00e7\u00f5es &#8220;baseadas em evid\u00eancias incompletas&#8221;, explicou Antonio Profico, investigador da Universidade de Pisa e coautor do estudo.<\/p>\n<p>Mas tais caracter\u00edsticas n\u00e3o existem e &#8220;mesmo sem estas supostas adapta\u00e7\u00f5es, o nariz do Neandertal era perfeitamente eficiente para satisfazer as elevadas exig\u00eancias energ\u00e9ticas da esp\u00e9cie&#8221;, concluiu.<\/p>\n<blockquote><p>&#8220;Quando incorporamos a bioenerg\u00e9tica, o &#8216;paradoxo&#8217; da grande abertura nasal desaparece. \u00c9 exatamente o que seria de esperar numa esp\u00e9cie adaptada ao frio, mas com uma morfologia craniana arcaica&#8221;, explicou, por sua vez, o coautor Carlos Lorenzo, investigador do IPHES-CERCA e da Universidade Rovira i Virgili.<\/p><\/blockquote>\n<p>A equipa defende que o prognatismo m\u00e9dio-facial caracter\u00edstico dos Neandertais n\u00e3o se desenvolveu, provavelmente, como resposta direta \u00e0s necessidades respirat\u00f3rias, mas sim como resultado de uma combina\u00e7\u00e3o de diversas press\u00f5es evolutivas e restri\u00e7\u00f5es morfol\u00f3gicas que, em conjunto, moldaram um rosto diferente dos atuais humanos, por\u00e9m &#8220;totalmente funcional nos ambientes frios da Europa do Plistoc\u00e9nico&#8221;, salientaram os autores.<\/p>\n<p>O estudo incluiu um modelo tridimensional completo da cavidade nasal derivado de imagens endosc\u00f3picas, que permitir\u00e1 futuros estudos sobre o desempenho respirat\u00f3rio dos Neandertais e as suas adapta\u00e7\u00f5es fisiol\u00f3gicas.<\/p>\n","protected":false},"excerpt":{"rendered":"Ci\u00eancia A investiga\u00e7\u00e3o encerra d\u00e9cadas de debate cient\u00edfico sobre como os Neandertais se adaptaram aos climas frios europeus.&hellip;\n","protected":false},"author":2,"featured_media":161925,"comment_status":"","ping_status":"","sticky":false,"template":"","format":"standard","meta":{"footnotes":""},"categories":[84],"tags":[109,107,108,32,33,105,103,104,106,110],"class_list":{"0":"post-161924","1":"post","2":"type-post","3":"status-publish","4":"format-standard","5":"has-post-thumbnail","7":"category-ciencia-e-tecnologia","8":"tag-ciencia","9":"tag-ciencia-e-tecnologia","10":"tag-cienciaetecnologia","11":"tag-portugal","12":"tag-pt","13":"tag-science","14":"tag-science-and-technology","15":"tag-scienceandtechnology","16":"tag-technology","17":"tag-tecnologia"},"share_on_mastodon":{"url":"https:\/\/pubeurope.com\/@pt\/115598359696027101","error":""},"_links":{"self":[{"href":"https:\/\/www.europesays.com\/pt\/wp-json\/wp\/v2\/posts\/161924","targetHints":{"allow":["GET"]}}],"collection":[{"href":"https:\/\/www.europesays.com\/pt\/wp-json\/wp\/v2\/posts"}],"about":[{"href":"https:\/\/www.europesays.com\/pt\/wp-json\/wp\/v2\/types\/post"}],"author":[{"embeddable":true,"href":"https:\/\/www.europesays.com\/pt\/wp-json\/wp\/v2\/users\/2"}],"replies":[{"embeddable":true,"href":"https:\/\/www.europesays.com\/pt\/wp-json\/wp\/v2\/comments?post=161924"}],"version-history":[{"count":0,"href":"https:\/\/www.europesays.com\/pt\/wp-json\/wp\/v2\/posts\/161924\/revisions"}],"wp:featuredmedia":[{"embeddable":true,"href":"https:\/\/www.europesays.com\/pt\/wp-json\/wp\/v2\/media\/161925"}],"wp:attachment":[{"href":"https:\/\/www.europesays.com\/pt\/wp-json\/wp\/v2\/media?parent=161924"}],"wp:term":[{"taxonomy":"category","embeddable":true,"href":"https:\/\/www.europesays.com\/pt\/wp-json\/wp\/v2\/categories?post=161924"},{"taxonomy":"post_tag","embeddable":true,"href":"https:\/\/www.europesays.com\/pt\/wp-json\/wp\/v2\/tags?post=161924"}],"curies":[{"name":"wp","href":"https:\/\/api.w.org\/{rel}","templated":true}]}}