{"id":161930,"date":"2025-11-23T09:46:29","date_gmt":"2025-11-23T09:46:29","guid":{"rendered":"https:\/\/www.europesays.com\/pt\/161930\/"},"modified":"2025-11-23T09:46:29","modified_gmt":"2025-11-23T09:46:29","slug":"diana-chaves-perde-o-controlo-na-casa-feliz-devido-a-uma-cenoura-murcha-video","status":"publish","type":"post","link":"https:\/\/www.europesays.com\/pt\/161930\/","title":{"rendered":"Diana Chaves &#8211; Perde o controlo na \u201cCasa Feliz\u201d &#8230; devido a uma &#8220;cenoura murcha&#8221; (V\u00cdDEO)"},"content":{"rendered":"<p><strong>Diana Chaves <\/strong>voltou a protagonizar um<strong> momento viral na\u00a0Casa Feliz.<\/strong> A apresentadora da SIC, conhecida pela boa disposi\u00e7\u00e3o em direto, n\u00e3o conseguiu conter o riso durante uma explica\u00e7\u00e3o sobre\u2026 cenouras.<\/p>\n<p>No programa, Diana e Jo\u00e3o Bai\u00e3o receberam a engenheira alimentar <strong>Susete Estrela<\/strong>, que quis ensinar aos espectadores a melhor forma de conservar frutas e legumes. Tudo decorria normalmente at\u00e9 chegarem ao tema da cenoura, um alimento \u201csens\u00edvel ao etileno\u201d e que, por isso, se estraga com facilidade.<\/p>\n<p>A convidada explicou que <strong>\u201cela fica murcha. \u00c9 preciso ter cuidado. Um bom truque \u00e9 manter a cenoura sempre h\u00famida\u201d<\/strong>. E acrescentou: \u201cSe mergulharmos a cenoura em \u00e1gua fria no frigor\u00edfico, num recipiente, fica t\u00fargida e vai durar duas ou tr\u00eas semanas.\u201d<\/p>\n<p>A partir da\u00ed, Diana perdeu o controlo:<strong> riu-se sem parar e acabou por esconder o rosto atr\u00e1s do livro da engenheira.<\/strong> Susete Estrela continuou a explica\u00e7\u00e3o, o que s\u00f3 aumentou a divers\u00e3o em est\u00fadio. <strong>\u201cH\u00e1 pessoas que dizem \u2018est\u00e1 engelhada e agora vou regenerar isto e misturo com \u00e1gua fria\u2019. E ela volta a inchar\u201d<\/strong>, afirmou.<\/p>\n<p><strong>Ora veja:\u00a0<\/strong><br \/>\u00a0<\/p>\n<blockquote class=\"instagram-media\" data-instgrm-captioned=\"\" data-instgrm-permalink=\"https:\/\/www.instagram.com\/reel\/DRAU4VYiEi7\/?utm_source=ig_embed&amp;utm_campaign=loading\" data-instgrm-version=\"14\" style=\" background:#FFF; border:0; border-radius:3px; box-shadow:0 0 1px 0 rgba(0,0,0,0.5),0 1px 10px 0 rgba(0,0,0,0.15); margin: 1px; max-width:540px; min-width:326px; padding:0; width:99.375%; width:-webkit-calc(100% - 2px); width:calc(100% - 2px);\"><\/blockquote>\n<p>\u00a0<\/p>\n<p>Texto: Tiago Miguel Sim\u00f5es; Fotos: Impala\u00a0<\/p>\n<p>\u00a0<\/p>\n<p>\u00a0<\/p>\n<p class=\"intagram-text\">Siga a Nova Gente no Instagram<\/p>\n<p>                        <a href=\"https:\/\/www.instagram.com\/revistanovagente\/\" target=\"_blank\" aria-label=\"instagram\" rel=\"noopener nofollow\"><img decoding=\"async\" style=\"display: block; margin-left: auto; margin-right: auto; width: 250px; height: 83px;\" src=\"https:\/\/www.europesays.com\/pt\/wp-content\/uploads\/2025\/11\/Instagram_NG.png\" alt=\"instagram\"\/><\/a><br \/>\n                    <script async src=\"\/\/www.instagram.com\/embed.js\"><\/script><\/p>\n","protected":false},"excerpt":{"rendered":"Diana Chaves voltou a protagonizar um momento viral na\u00a0Casa Feliz. A apresentadora da SIC, conhecida pela boa disposi\u00e7\u00e3o&hellip;\n","protected":false},"author":2,"featured_media":161931,"comment_status":"","ping_status":"","sticky":false,"template":"","format":"standard","meta":{"footnotes":""},"categories":[145],"tags":[211,210,13986,114,115,13987,32,33,1751],"class_list":{"0":"post-161930","1":"post","2":"type-post","3":"status-publish","4":"format-standard","5":"has-post-thumbnail","7":"category-celebridades","8":"tag-celebridades","9":"tag-celebrities","10":"tag-diana-chaves","11":"tag-entertainment","12":"tag-entretenimento","13":"tag-joao-baiao","14":"tag-portugal","15":"tag-pt","16":"tag-sic"},"share_on_mastodon":{"url":"https:\/\/pubeurope.com\/@pt\/115598379352824226","error":""},"_links":{"self":[{"href":"https:\/\/www.europesays.com\/pt\/wp-json\/wp\/v2\/posts\/161930","targetHints":{"allow":["GET"]}}],"collection":[{"href":"https:\/\/www.europesays.com\/pt\/wp-json\/wp\/v2\/posts"}],"about":[{"href":"https:\/\/www.europesays.com\/pt\/wp-json\/wp\/v2\/types\/post"}],"author":[{"embeddable":true,"href":"https:\/\/www.europesays.com\/pt\/wp-json\/wp\/v2\/users\/2"}],"replies":[{"embeddable":true,"href":"https:\/\/www.europesays.com\/pt\/wp-json\/wp\/v2\/comments?post=161930"}],"version-history":[{"count":0,"href":"https:\/\/www.europesays.com\/pt\/wp-json\/wp\/v2\/posts\/161930\/revisions"}],"wp:featuredmedia":[{"embeddable":true,"href":"https:\/\/www.europesays.com\/pt\/wp-json\/wp\/v2\/media\/161931"}],"wp:attachment":[{"href":"https:\/\/www.europesays.com\/pt\/wp-json\/wp\/v2\/media?parent=161930"}],"wp:term":[{"taxonomy":"category","embeddable":true,"href":"https:\/\/www.europesays.com\/pt\/wp-json\/wp\/v2\/categories?post=161930"},{"taxonomy":"post_tag","embeddable":true,"href":"https:\/\/www.europesays.com\/pt\/wp-json\/wp\/v2\/tags?post=161930"}],"curies":[{"name":"wp","href":"https:\/\/api.w.org\/{rel}","templated":true}]}}