{"id":161938,"date":"2025-11-23T09:57:23","date_gmt":"2025-11-23T09:57:23","guid":{"rendered":"https:\/\/www.europesays.com\/pt\/161938\/"},"modified":"2025-11-23T09:57:23","modified_gmt":"2025-11-23T09:57:23","slug":"kyiv-reivindica-libertacao-de-430-km-quadrados-a-norte-de-pokrovsk","status":"publish","type":"post","link":"https:\/\/www.europesays.com\/pt\/161938\/","title":{"rendered":"Kyiv reivindica liberta\u00e7\u00e3o de 430 km quadrados a norte de Pokrovsk"},"content":{"rendered":"<p>A informa\u00e7\u00e3o sobre a contraofensiva no setor de Dobropillia foi adiantada numa reuni\u00e3o do Comit\u00e9 Militar da Uni\u00e3o Europeia pelo Comandante-Chefe das For\u00e7as Armadas da Ucr\u00e2nia, Oleksandr Syrskyi, de acordo com uma publica\u00e7\u00e3o na rede social Facebook citada pela ag\u00eancia de not\u00edcias Ukrinform.<\/p>\n<p>A reuni\u00e3o foi presidida pelo general Sean Clancy e Syrskyi falou por videoconfer\u00eancia, informando os participantes sobre a situa\u00e7\u00e3o atual na linha da frente.<\/p>\n<p>Desde o final de agosto at\u00e9 outubro deste ano, apesar da press\u00e3o de Moscovo, as For\u00e7as de Defesa ucranianas conseguiram conduzir contraofensivas no setor de Dobropillia, Donetsk, frisou Syrskyi.<\/p>\n<p>O resultado da contraofensiva foi a divis\u00e3o do agrupamento russo, que sofreu perdas que totalizam mais de 13.000 mortos e feridos, ainda de acordo com a mesma fonte.<\/p>\n<p>O Ukrinform noticiou que ocorreram na quinta-feira 173 confrontos entre as for\u00e7as russas e ucranianas, 59 no setor de Pokrovsk.<\/p>\n<p>Syrskyi real\u00e7ou que a situa\u00e7\u00e3o operacional-estrat\u00e9gica permanece complexa e que as for\u00e7as russas continuam &#8220;a atacar as cidades pac\u00edficas da Ucr\u00e2nia e as infraestruturas energ\u00e9ticas, ao mesmo tempo que intensificam as a\u00e7\u00f5es ofensivas ao longo da linha de contacto&#8221;.<\/p>\n<p>Desde o in\u00edcio da invas\u00e3o russa em fevereiro de 2022, as for\u00e7as russas lan\u00e7aram mais de 112.000 drones de ataque Shahed, visando edif\u00edcios residenciais e infraestruturas civis, resultando na morte de crian\u00e7as e civis, sublinhou ainda.<\/p>\n<p>Syrskyi expressou ainda gratid\u00e3o aos governos e aos povos dos Estados-membros da UE, bem como \u00e0 lideran\u00e7a da UE, pelo seu contributo no apoio \u00e0 Ucr\u00e2nia na sua luta contra os invasores russos.<\/p>\n<p>Agradeceu em concreto a implementa\u00e7\u00e3o da iniciativa PURL (lista de necessidades priorit\u00e1rias da Ucr\u00e2nia), um mecanismo coordenado pela NATO e por Washington para financiar a compra de armamento norte-americano que Kyiv designou como essencial, nomeadamente equipamento de defesa a\u00e9rea e muni\u00e7\u00f5es.<\/p>\n<p>Destacou ainda a import\u00e2ncia da Miss\u00e3o de Assist\u00eancia Militar da Uni\u00e3o Europeia \u00e0 Ucr\u00e2nia (EUMAM), uma iniciativa multinacional que desempenha um papel significativo na forma\u00e7\u00e3o de militares ucranianos.<\/p>\n<p>&#8220;A determina\u00e7\u00e3o e a uni\u00e3o dos nossos parceiros continuam a ser cruciais para alcan\u00e7armos uma paz justa e duradoura. S\u00f3 uma posi\u00e7\u00e3o firme e consolidada da comunidade internacional pode obrigar o agressor a p\u00f4r fim \u00e0 guerra&#8221;, frisou Syrskyi.<\/p>\n<p>A atualiza\u00e7\u00e3o sobre a linha da frente na Ucr\u00e2nia decorreu num momento em que \u00e9 discutido um plano de paz apresentado pelos Estados Unidos e que Kyiv considerou favorecer a R\u00fassia.<\/p>\n<p>O plano da Casa Branca corresponde \u00e0s principais exig\u00eancias russas, ao prever que Kyiv retire as suas tropas das \u00e1reas que ainda controla no Donbass, regi\u00e3o no leste do pa\u00eds que inclui as prov\u00edncias de Lugansk e Donetsk, uma substancial redu\u00e7\u00e3o do seu efetivo militar e a ren\u00fancia \u00e0 ades\u00e3o da NATO, em troca de garantias de seguran\u00e7a para prevenir uma nova agress\u00e3o russa.<\/p>\n<p>Volodymyr Zelensky avisou que este &#8220;\u00e9 um dos momentos mais dif\u00edceis e de maior press\u00e3o&#8221; da hist\u00f3ria da Ucr\u00e2nia, que se confronta com &#8220;escolhas muito dif\u00edceis&#8221;, declarando que n\u00e3o trairia o seu pa\u00eds.<\/p>\n<p>&#8220;Apresentarei argumentos, persuadirei e proporei alternativas&#8221;, disse o l\u00edder ucraniano numa declara\u00e7\u00e3o por v\u00eddeo \u00e0 na\u00e7\u00e3o.<\/p>\n<p>Leia Tamb\u00e9m: <a href=\"https:\/\/www.noticiasaominuto.com\/mundo\/2889015\/forcas-ucranianas-reclamam-corte-de-rota-logistica-russa-em-pokrovsk\" target=\"_blank\" rel=\"noopener noreferrer nofollow\">For\u00e7as ucranianas reclamam corte de rota log\u00edstica russa em Pokrovsk<\/a><\/p>\n","protected":false},"excerpt":{"rendered":"A informa\u00e7\u00e3o sobre a contraofensiva no setor de Dobropillia foi adiantada numa reuni\u00e3o do Comit\u00e9 Militar da Uni\u00e3o&hellip;\n","protected":false},"author":2,"featured_media":161939,"comment_status":"","ping_status":"","sticky":false,"template":"","format":"standard","meta":{"footnotes":""},"categories":[50],"tags":[27,28,15,16,14,25,26,21,22,62,12,13,19,20,23,24,17,18,29,30,31,63,64,65],"class_list":{"0":"post-161938","1":"post","2":"type-post","3":"status-publish","4":"format-standard","5":"has-post-thumbnail","7":"category-mundo","8":"tag-breaking-news","9":"tag-breakingnews","10":"tag-featured-news","11":"tag-featurednews","12":"tag-headlines","13":"tag-latest-news","14":"tag-latestnews","15":"tag-main-news","16":"tag-mainnews","17":"tag-mundo","18":"tag-news","19":"tag-noticias","20":"tag-noticias-principais","21":"tag-noticiasprincipais","22":"tag-principais-noticias","23":"tag-principaisnoticias","24":"tag-top-stories","25":"tag-topstories","26":"tag-ultimas","27":"tag-ultimas-noticias","28":"tag-ultimasnoticias","29":"tag-world","30":"tag-world-news","31":"tag-worldnews"},"share_on_mastodon":{"url":"https:\/\/pubeurope.com\/@pt\/115598422633765647","error":""},"_links":{"self":[{"href":"https:\/\/www.europesays.com\/pt\/wp-json\/wp\/v2\/posts\/161938","targetHints":{"allow":["GET"]}}],"collection":[{"href":"https:\/\/www.europesays.com\/pt\/wp-json\/wp\/v2\/posts"}],"about":[{"href":"https:\/\/www.europesays.com\/pt\/wp-json\/wp\/v2\/types\/post"}],"author":[{"embeddable":true,"href":"https:\/\/www.europesays.com\/pt\/wp-json\/wp\/v2\/users\/2"}],"replies":[{"embeddable":true,"href":"https:\/\/www.europesays.com\/pt\/wp-json\/wp\/v2\/comments?post=161938"}],"version-history":[{"count":0,"href":"https:\/\/www.europesays.com\/pt\/wp-json\/wp\/v2\/posts\/161938\/revisions"}],"wp:featuredmedia":[{"embeddable":true,"href":"https:\/\/www.europesays.com\/pt\/wp-json\/wp\/v2\/media\/161939"}],"wp:attachment":[{"href":"https:\/\/www.europesays.com\/pt\/wp-json\/wp\/v2\/media?parent=161938"}],"wp:term":[{"taxonomy":"category","embeddable":true,"href":"https:\/\/www.europesays.com\/pt\/wp-json\/wp\/v2\/categories?post=161938"},{"taxonomy":"post_tag","embeddable":true,"href":"https:\/\/www.europesays.com\/pt\/wp-json\/wp\/v2\/tags?post=161938"}],"curies":[{"name":"wp","href":"https:\/\/api.w.org\/{rel}","templated":true}]}}