{"id":161958,"date":"2025-11-23T10:24:08","date_gmt":"2025-11-23T10:24:08","guid":{"rendered":"https:\/\/www.europesays.com\/pt\/161958\/"},"modified":"2025-11-23T10:24:08","modified_gmt":"2025-11-23T10:24:08","slug":"campanha-fique-sabendo-2025-reforca-prevencao-e-testagem-de-ists-em-atibaia","status":"publish","type":"post","link":"https:\/\/www.europesays.com\/pt\/161958\/","title":{"rendered":"Campanha &#8216;Fique Sabendo &#8211; 2025&#8217; refor\u00e7a preven\u00e7\u00e3o e testagem de ISTs em Atibaia"},"content":{"rendered":"<p>Foto: Divulga\u00e7\u00e3o\/PEA<\/p>\n<p>\u00a0<\/p>\n<p>Com o objetivo de fortalecer as a\u00e7\u00f5es de preven\u00e7\u00e3o, diagn\u00f3stico precoce e o cuidado cont\u00ednuo, a Prefeitura de Atibaia, por meio da Secretaria de Sa\u00fade, participar\u00e1 da campanha &#8220;Fique Sabendo \u2013 2025\u201d, a\u00e7\u00e3o estadual voltada \u00e0 preven\u00e7\u00e3o e \u00e0 testagem de HIV e s\u00edfilis.<\/p>\n<p>\u00a0<\/p>\n<p>\u00a0<\/p>\n<p>A campanha do Estado de S\u00e3o Paulo ser\u00e1 realizada oficialmente entre os dias 24 de novembro e 1\u00ba de dezembro, mas o munic\u00edpio ampliar\u00e1 as atividades com a\u00e7\u00f5es antes e depois desse per\u00edodo, de 19 de novembro a 5 de dezembro. Al\u00e9m disso, ao longo de todo o m\u00eas de dezembro ser\u00e3o realizadas a\u00e7\u00f5es nas unidades de sa\u00fade e em diversos pontos da cidade. As iniciativas fazem refer\u00eancia ao Dezembro Vermelho, m\u00eas de mobiliza\u00e7\u00e3o nacional dedicado \u00e0 conscientiza\u00e7\u00e3o sobre o HIV\/Aids e outras Infec\u00e7\u00f5es Sexualmente Transmiss\u00edveis (ISTs).<\/p>\n<p>\u00a0<\/p>\n<p><strong>Testagem gratuita e acess\u00edvel<\/strong><\/p>\n<p>Durante a campanha, os testes r\u00e1pidos de HIV e s\u00edfilis estar\u00e3o dispon\u00edveis gratuitamente em todas as Unidades B\u00e1sicas de Sa\u00fade (UBS) e Unidades de Sa\u00fade da Fam\u00edlia (USF), no Servi\u00e7o de Aten\u00e7\u00e3o Especializada (SAE) e com a equipe do Consult\u00f3rio na Rua. Tamb\u00e9m ser\u00e3o realizadas a\u00e7\u00f5es extramuros, levando a testagem a diferentes locais e comunidades da cidade. O atendimento ser\u00e1 realizado por ordem de chegada, sem necessidade de agendamento, e o resultado dos testes r\u00e1pidos fica pronto em cerca de 30 minutos.<\/p>\n<p>\u00a0<\/p>\n<p>Para a realiza\u00e7\u00e3o do exame, \u00e9 prefer\u00edvel apresentar um documento com foto. O procedimento \u00e9 simples, r\u00e1pido, sigiloso e pode ser realizado em qualquer faixa et\u00e1ria, conforme orienta\u00e7\u00f5es do Minist\u00e9rio da Sa\u00fade.<\/p>\n<p>\u00a0<\/p>\n<p><strong>A\u00e7\u00f5es complementares<\/strong><\/p>\n<p>Al\u00e9m da testagem, as unidades de sa\u00fade e equipes de campo promover\u00e3o orienta\u00e7\u00f5es sobre preven\u00e7\u00e3o combinada, PrEP (profilaxia pr\u00e9-exposi\u00e7\u00e3o), PEP (profilaxia p\u00f3s-exposi\u00e7\u00e3o) ao HIV e estrat\u00e9gias fundamentais de preven\u00e7\u00e3o. Tamb\u00e9m ser\u00e3o distribu\u00eddos preservativos, lubrificantes, materiais educativos e entrega de autotestes de HIV.<\/p>\n<p>\u00a0<\/p>\n<p>Em caso de resultado positivo, o tratamento para s\u00edfilis \u00e9 oferecido em todas as unidades de sa\u00fade. J\u00e1 os casos de HIV s\u00e3o encaminhados para acompanhamento no Servi\u00e7o de Aten\u00e7\u00e3o Especializada (SAE) \u2013 antiga UBS Sumico Ono, refer\u00eancia no munic\u00edpio.<\/p>\n","protected":false},"excerpt":{"rendered":"Foto: Divulga\u00e7\u00e3o\/PEA \u00a0 Com o objetivo de fortalecer as a\u00e7\u00f5es de preven\u00e7\u00e3o, diagn\u00f3stico precoce e o cuidado cont\u00ednuo,&hellip;\n","protected":false},"author":2,"featured_media":161959,"comment_status":"","ping_status":"","sticky":false,"template":"","format":"standard","meta":{"footnotes":""},"categories":[86],"tags":[1677,116,32,33,117],"class_list":{"0":"post-161958","1":"post","2":"type-post","3":"status-publish","4":"format-standard","5":"has-post-thumbnail","7":"category-saude","8":"tag-campanha","9":"tag-health","10":"tag-portugal","11":"tag-pt","12":"tag-saude"},"share_on_mastodon":{"url":"https:\/\/pubeurope.com\/@pt\/115598528529415978","error":""},"_links":{"self":[{"href":"https:\/\/www.europesays.com\/pt\/wp-json\/wp\/v2\/posts\/161958","targetHints":{"allow":["GET"]}}],"collection":[{"href":"https:\/\/www.europesays.com\/pt\/wp-json\/wp\/v2\/posts"}],"about":[{"href":"https:\/\/www.europesays.com\/pt\/wp-json\/wp\/v2\/types\/post"}],"author":[{"embeddable":true,"href":"https:\/\/www.europesays.com\/pt\/wp-json\/wp\/v2\/users\/2"}],"replies":[{"embeddable":true,"href":"https:\/\/www.europesays.com\/pt\/wp-json\/wp\/v2\/comments?post=161958"}],"version-history":[{"count":0,"href":"https:\/\/www.europesays.com\/pt\/wp-json\/wp\/v2\/posts\/161958\/revisions"}],"wp:featuredmedia":[{"embeddable":true,"href":"https:\/\/www.europesays.com\/pt\/wp-json\/wp\/v2\/media\/161959"}],"wp:attachment":[{"href":"https:\/\/www.europesays.com\/pt\/wp-json\/wp\/v2\/media?parent=161958"}],"wp:term":[{"taxonomy":"category","embeddable":true,"href":"https:\/\/www.europesays.com\/pt\/wp-json\/wp\/v2\/categories?post=161958"},{"taxonomy":"post_tag","embeddable":true,"href":"https:\/\/www.europesays.com\/pt\/wp-json\/wp\/v2\/tags?post=161958"}],"curies":[{"name":"wp","href":"https:\/\/api.w.org\/{rel}","templated":true}]}}