{"id":161974,"date":"2025-11-23T10:43:19","date_gmt":"2025-11-23T10:43:19","guid":{"rendered":"https:\/\/www.europesays.com\/pt\/161974\/"},"modified":"2025-11-23T10:43:19","modified_gmt":"2025-11-23T10:43:19","slug":"entre-trump-e-mamdani-so-houve-sorrisos-e-a-promessa-de-trabalho-conjunto-e-no-final-um-sim-maroto","status":"publish","type":"post","link":"https:\/\/www.europesays.com\/pt\/161974\/","title":{"rendered":"Entre Trump e Mamdani s\u00f3 houve sorrisos e a promessa de trabalho conjunto (e, no final, um &#8220;sim&#8221; maroto)"},"content":{"rendered":"<p data-remotead-prev-elm=\"true\" data-remotead-elm-id=\"inread\">O que os une n\u00e3o ser\u00e1 muito mais do que aquilo que os separa, mas, no encontro desta sexta-feira, foi isso que pareceu. O presidente dos Estados Unidos, Donald Trump, e o autarca eleito de Nova Iorque, o democrata Zohran Mamdani, estiveram ontem reunidos na Casa Branca e, no fim do encontro, prometeram trabalhar juntos em prol de um bem maior &#8211; o da cidade que no in\u00edcio do m\u00eas escolheu eleger o primeiro &#8220;mayor&#8221; mu\u00e7ulmano. Sem os folclores a que a pol\u00edtica norte-americana habituou o Mundo, Trump e Mamdani surgiram aos jornalistas sorridentes e em harmonia, deixando para tr\u00e1s (pelo menos para j\u00e1) as guerras de palavras que marcaram a campanha eleitoral.<\/p>\n<p>&#8220;Vamos ajud\u00e1-lo a tornar realidade o sonho de todos: ter uma Nova Iorque forte e muito segura&#8221;, assegurou o chefe da Casa Branca, depois de um encontro na Sala Oval, que ambos descreveram como &#8220;muito produtivo&#8221;. &#8220;Temos algo em comum: ambos queremos que esta cidade que amamos esteja bem&#8221;, disse Trump, parabenizando Mamdani pela &#8220;incr\u00edvel corrida&#8221; que ganhou &#8220;contra muita gente inteligente&#8221;. Mostrando-se confiante de que o democrata far\u00e1 &#8220;um trabalho muito bom&#8221; nos destinos da &#8220;Big Apple&#8221;, Donald Trump, que \u00e9 nova-iorquino, disse at\u00e9 que Zohran Mamdani (34 anos) &#8220;vai surpreender alguns conservadores&#8221;. &#8220;Quanto melhor ele fizer, mais feliz eu irei ficar&#8221;, asseverou, antes de dar um passou-bem ao advers\u00e1rio da gravata azul.<\/p>\n<p><img decoding=\"async\" class=\"ngx-body\" guid=\"f6b543a1-8293-475d-9768-b1870a5f6d7e\" src=\"https:\/\/www.europesays.com\/pt\/wp-content\/uploads\/2025\/11\/1763894599_898_image.webp\" width=\"100%\"\/><br \/>Foto: Jim Watson\/AFP<\/p>\n<p>&#8220;Objetivo comum&#8221;<\/p>\n<p data-remotead-prev-elm=\"true\" data-remotead-elm-id=\"centro1\">A reuni\u00e3o, adiantou o autarca eleito, &#8220;n\u00e3o se concentrou nos pontos de disc\u00f3rdia, que existem e s\u00e3o in\u00fameros&#8221;, mas no &#8220;objetivo comum de estar ao servi\u00e7o dos nova-iorquinos&#8221; para combater o alto custo de vida &#8211; foi essa a principal promessa de campanha do democrata. &#8220;Fal\u00e1mos sobre rendas, sobre produtos de mercearia, sobre servi\u00e7os p\u00fablicos, fal\u00e1mos sobre as diferentes formas com que as pessoas est\u00e3o a ser despejadas. E agrade\u00e7o o tempo com o presidente. Estou ansioso para que trabalhemos juntos para tornarmos Nova Iorque acess\u00edvel aos nova-iorquinos&#8221;, apontou Mamdani.<\/p>\n<p>Quando questionado sobre coment\u00e1rios recentes do agora presidente da C\u00e2mara, que qualificou Trump como &#8220;d\u00e9spota&#8221; (um governante que age de forma tir\u00e2nica e opressora), o presidente norte-americano desvalorizou: &#8220;J\u00e1 me chamaram coisas muito piores do que &#8216;d\u00e9spota&#8217;. N\u00e3o \u00e9 assim t\u00e3o insultuoso. Talvez mude de opini\u00e3o.&#8221; E, logo a seguir, perante uma jornalista que instou Mamdani a dizer se achava ou n\u00e3o Donald Trump fascista, reiterando considera\u00e7\u00f5es passadas, o republicano at\u00e9 pareceu querer acolher aquele a quem h\u00e1 pouco tempo apelidou de &#8220;louco comunista&#8221;. &#8220;Est\u00e1 tudo bem, pode dizer apenas que sim. \u00c9 mais f\u00e1cil do que explicar. N\u00e3o me importo&#8221;, brincou, entre risos, confortando-o com a m\u00e3o.<\/p>\n<blockquote class=\"twitter-tweet\" data-media-max-width=\"560\">\n<p>Asked to clarify if he thinks Trump is a fascist, before Mamdani can answer, Trump intervenes and laughs it off, saying, &#8220;That&#8221;s ok. You can just say yes. That&#8221;s easier. It&#8221;s easier than explaining.&#8221; <a href=\"https:\/\/t.co\/RfKJd6vAs1\" rel=\"nofollow\">pic.twitter.com\/RfKJd6vAs1<\/a><\/p>\n<p>&#8211; Kaitlan Collins (@kaitlancollins) <a href=\"https:\/\/twitter.com\/kaitlancollins\/status\/1991973114012721360?ref_src=twsrc%5Etfw\" rel=\"nofollow noopener\" target=\"_blank\">November 21, 2025<\/a><\/p><\/blockquote>\n<p>E Mamdani, o mu\u00e7ulmano socialista que passou de rapper e ilustre desconhecido a presidente da capital financeira dos Estados Unidos, fez o que o presidente mandou. E ao faz\u00ea-lo &#8211; dizendo um &#8220;sim&#8221; t\u00edmido e sorridente -, voltou a entrar para a Hist\u00f3ria, agora como o \u00fanico autarca que chamou fascista a um l\u00edder da Casa Branca, em frente deste e do Mundo todo.<\/p>\n<p><script async src=\"https:\/\/platform.twitter.com\/widgets.js\" charset=\"utf-8\"><\/script><\/p>\n","protected":false},"excerpt":{"rendered":"O que os une n\u00e3o ser\u00e1 muito mais do que aquilo que os separa, mas, no encontro desta&hellip;\n","protected":false},"author":2,"featured_media":161975,"comment_status":"","ping_status":"","sticky":false,"template":"","format":"standard","meta":{"footnotes":""},"categories":[50],"tags":[27,28,92,15,16,14,25,26,21,22,62,12,13,19,20,23,24,17,18,29,30,31,63,64,65,31172],"class_list":{"0":"post-161974","1":"post","2":"type-post","3":"status-publish","4":"format-standard","5":"has-post-thumbnail","7":"category-mundo","8":"tag-breaking-news","9":"tag-breakingnews","10":"tag-donald-trump","11":"tag-featured-news","12":"tag-featurednews","13":"tag-headlines","14":"tag-latest-news","15":"tag-latestnews","16":"tag-main-news","17":"tag-mainnews","18":"tag-mundo","19":"tag-news","20":"tag-noticias","21":"tag-noticias-principais","22":"tag-noticiasprincipais","23":"tag-principais-noticias","24":"tag-principaisnoticias","25":"tag-top-stories","26":"tag-topstories","27":"tag-ultimas","28":"tag-ultimas-noticias","29":"tag-ultimasnoticias","30":"tag-world","31":"tag-world-news","32":"tag-worldnews","33":"tag-zohran-mamdani"},"share_on_mastodon":{"url":"https:\/\/pubeurope.com\/@pt\/115598603689112091","error":""},"_links":{"self":[{"href":"https:\/\/www.europesays.com\/pt\/wp-json\/wp\/v2\/posts\/161974","targetHints":{"allow":["GET"]}}],"collection":[{"href":"https:\/\/www.europesays.com\/pt\/wp-json\/wp\/v2\/posts"}],"about":[{"href":"https:\/\/www.europesays.com\/pt\/wp-json\/wp\/v2\/types\/post"}],"author":[{"embeddable":true,"href":"https:\/\/www.europesays.com\/pt\/wp-json\/wp\/v2\/users\/2"}],"replies":[{"embeddable":true,"href":"https:\/\/www.europesays.com\/pt\/wp-json\/wp\/v2\/comments?post=161974"}],"version-history":[{"count":0,"href":"https:\/\/www.europesays.com\/pt\/wp-json\/wp\/v2\/posts\/161974\/revisions"}],"wp:featuredmedia":[{"embeddable":true,"href":"https:\/\/www.europesays.com\/pt\/wp-json\/wp\/v2\/media\/161975"}],"wp:attachment":[{"href":"https:\/\/www.europesays.com\/pt\/wp-json\/wp\/v2\/media?parent=161974"}],"wp:term":[{"taxonomy":"category","embeddable":true,"href":"https:\/\/www.europesays.com\/pt\/wp-json\/wp\/v2\/categories?post=161974"},{"taxonomy":"post_tag","embeddable":true,"href":"https:\/\/www.europesays.com\/pt\/wp-json\/wp\/v2\/tags?post=161974"}],"curies":[{"name":"wp","href":"https:\/\/api.w.org\/{rel}","templated":true}]}}