{"id":161988,"date":"2025-11-23T10:57:08","date_gmt":"2025-11-23T10:57:08","guid":{"rendered":"https:\/\/www.europesays.com\/pt\/161988\/"},"modified":"2025-11-23T10:57:08","modified_gmt":"2025-11-23T10:57:08","slug":"neta-de-jfk-revela-doenca-terminal","status":"publish","type":"post","link":"https:\/\/www.europesays.com\/pt\/161988\/","title":{"rendered":"neta de JFK revela doen\u00e7a terminal"},"content":{"rendered":"\n<p><strong>A lobotomia de Rosemary Kennedy (1941)<\/strong><\/p>\n<p>Irm\u00e3 de JFK, Rosemary, terceira dos nove filhos de Joseph e Rose Kennedy, foi submetida a uma lobotomia aos 23 anos, procedimento que a deixou incapaz de falar e caminhar autonomamente. Viveu o resto da vida institucionalizada.<\/p>\n<p>\u00a0<strong>A morte do primog\u00e9nito, Joe Kennedy Jr. (1944)<\/strong><\/p>\n<p>Preparado pelo pai para chegar \u00e0 presid\u00eancia, o irm\u00e3o mais velho de JFK morreu aos 29 anos numa miss\u00e3o a\u00e9rea secreta durante a Segunda Guerra Mundial. O avi\u00e3o explodiu e o corpo nunca foi recuperado.<\/p>\n<p><strong>Outros acidentes a\u00e9reos fatais: John F. Kennedy Jr. (1999) e Kathleen Kennedy (1948)<\/strong><\/p>\n<p>Filho do 35\u00ba presidente norte-americano, JFK Jr. morreu aos 38 anos quando o avi\u00e3o que pilotava caiu no Atl\u00e2ntico, juntamente com a esposa e a cunhada.<\/p>\n<p>J\u00e1 Kathleen \u201cKick\u201d Kennedy, uma das irm\u00e3s do antigo presidente, morreu aos 28 anos num acidente a\u00e9reo no sul de Fran\u00e7a, apenas quatro anos ap\u00f3s ficar vi\u00fava durante a II Guerra Mundial &#8211; o marido, o brit\u00e2nico William Cavendish, foi morto por um sniper alem\u00e3o em Bruxelas, cerca de um m\u00eas depois da morte do irm\u00e3o mais velho de Kathleen, Joe Jr.<\/p>\n<p><strong>O assassinato de Robert F. Kennedy (1968)<\/strong><\/p>\n<p>Senador e candidato presidencial, irm\u00e3o de JFK, foi morto em Los Angeles pouco depois de vencer elei\u00e7\u00f5es prim\u00e1rias. O agressor, Sirhan Sirhan, alegou motiva\u00e7\u00f5es pol\u00edticas.<\/p>\n<p>\u00a0<strong>O acidente de Ted Kennedy (1969)<\/strong><\/p>\n<p>Outro irm\u00e3o de JFK, Ted Kennedy sobreviveu ao despiste do carro que conduzia, mas Mary Jo Kopechne, passageira, morreu afogada. O atraso na comunica\u00e7\u00e3o do acidente \u00e0s autoridades arruinou as suas aspira\u00e7\u00f5es presidenciais.<\/p>\n<p>\u00a0<strong>A morte de Saoirse Kennedy Hill (2019)<\/strong><\/p>\n<p>Neta de Robert F. Kennedy, morreu aos 22 anos devido a uma overdose acidental, reacendendo a perce\u00e7\u00e3o p\u00fablica da \u201cmaldi\u00e7\u00e3o\u201d da fam\u00edlia.<\/p>\n","protected":false},"excerpt":{"rendered":"A lobotomia de Rosemary Kennedy (1941) Irm\u00e3 de JFK, Rosemary, terceira dos nove filhos de Joseph e Rose&hellip;\n","protected":false},"author":2,"featured_media":161989,"comment_status":"","ping_status":"","sticky":false,"template":"","format":"standard","meta":{"footnotes":""},"categories":[50],"tags":[27,28,413,34416,15,16,14,34415,25,26,21,22,62,12,13,19,20,23,24,17,18,7343,29,30,31,63,64,65],"class_list":{"0":"post-161988","1":"post","2":"type-post","3":"status-publish","4":"format-standard","5":"has-post-thumbnail","7":"category-mundo","8":"tag-breaking-news","9":"tag-breakingnews","10":"tag-eua","11":"tag-familia-kennedy","12":"tag-featured-news","13":"tag-featurednews","14":"tag-headlines","15":"tag-jfk","16":"tag-latest-news","17":"tag-latestnews","18":"tag-main-news","19":"tag-mainnews","20":"tag-mundo","21":"tag-news","22":"tag-noticias","23":"tag-noticias-principais","24":"tag-noticiasprincipais","25":"tag-principais-noticias","26":"tag-principaisnoticias","27":"tag-top-stories","28":"tag-topstories","29":"tag-tragedia","30":"tag-ultimas","31":"tag-ultimas-noticias","32":"tag-ultimasnoticias","33":"tag-world","34":"tag-world-news","35":"tag-worldnews"},"share_on_mastodon":{"url":"https:\/\/pubeurope.com\/@pt\/115598658465757578","error":""},"_links":{"self":[{"href":"https:\/\/www.europesays.com\/pt\/wp-json\/wp\/v2\/posts\/161988","targetHints":{"allow":["GET"]}}],"collection":[{"href":"https:\/\/www.europesays.com\/pt\/wp-json\/wp\/v2\/posts"}],"about":[{"href":"https:\/\/www.europesays.com\/pt\/wp-json\/wp\/v2\/types\/post"}],"author":[{"embeddable":true,"href":"https:\/\/www.europesays.com\/pt\/wp-json\/wp\/v2\/users\/2"}],"replies":[{"embeddable":true,"href":"https:\/\/www.europesays.com\/pt\/wp-json\/wp\/v2\/comments?post=161988"}],"version-history":[{"count":0,"href":"https:\/\/www.europesays.com\/pt\/wp-json\/wp\/v2\/posts\/161988\/revisions"}],"wp:featuredmedia":[{"embeddable":true,"href":"https:\/\/www.europesays.com\/pt\/wp-json\/wp\/v2\/media\/161989"}],"wp:attachment":[{"href":"https:\/\/www.europesays.com\/pt\/wp-json\/wp\/v2\/media?parent=161988"}],"wp:term":[{"taxonomy":"category","embeddable":true,"href":"https:\/\/www.europesays.com\/pt\/wp-json\/wp\/v2\/categories?post=161988"},{"taxonomy":"post_tag","embeddable":true,"href":"https:\/\/www.europesays.com\/pt\/wp-json\/wp\/v2\/tags?post=161988"}],"curies":[{"name":"wp","href":"https:\/\/api.w.org\/{rel}","templated":true}]}}