{"id":162023,"date":"2025-11-23T11:40:09","date_gmt":"2025-11-23T11:40:09","guid":{"rendered":"https:\/\/www.europesays.com\/pt\/162023\/"},"modified":"2025-11-23T11:40:09","modified_gmt":"2025-11-23T11:40:09","slug":"filme-com-adam-sandler-e-george-clooney-e-o-maior-tiro-no-pe-da-netflix","status":"publish","type":"post","link":"https:\/\/www.europesays.com\/pt\/162023\/","title":{"rendered":"Filme com Adam Sandler e George Clooney \u00e9 o maior tiro no p\u00e9 da Netflix"},"content":{"rendered":"<p>Em tempos nos quais a <a href=\"https:\/\/tangerina.uol.com.br\/filmes-series\/as-10-melhores-minisseries-de-suspense-da-netflix-classificadas\/\" target=\"_blank\" rel=\"noreferrer noopener nofollow\">Netflix<\/a> tenta provar que ainda \u00e9 relevante para o cinema, <strong>Jay Kelly<\/strong> chega primeiro \u00e0s telonas antes de estrear na plataforma em 5 de dezembro. E essa janela deixa claro o problema: um drama desse calibre nasce para ser visto nos cinemas. A experi\u00eancia coletiva, a grandiosidade da proje\u00e7\u00e3o e o respiro dos longos planos criam um impacto que simplesmente n\u00e3o encontra espa\u00e7o no cat\u00e1logo da gigante do streaming.<\/p>\n<p>Colocar filmes assim direto na Netflix faz com que eles desapare\u00e7am no meio de dezenas de lan\u00e7amentos semanais. Jay Kelly \u00e9 justamente o tipo de obra que exp\u00f5e como a empresa ainda prejudica a ind\u00fastria ao privar dramas autorais de seu potencial m\u00e1ximo no circuito tradicional. Se a empresa realmente quer liderar Hollywood, precisa dar aos seus projetos mais ambiciosos a chance de brilhar nas salas de cinema.<\/p>\n<p>No centro da hist\u00f3ria est\u00e1 o astro Jay Kelly (George Clooney), acompanhado de seu dedicado empres\u00e1rio Ron (Adam Sandler), em uma jornada pela Europa que mistura nostalgia, fragilidade e um olhar profundo para o peso das escolhas feitas ao longo da vida.<\/p>\n<p>George Clooney est\u00e1 em uma de suas melhores atua\u00e7\u00f5es em anos. Ele domina cada cena com presen\u00e7a e vulnerabilidade, entregando um trabalho digno de indica\u00e7\u00e3o ao <a href=\"https:\/\/www.oscars.org\/\" target=\"_blank\" rel=\"noreferrer noopener nofollow\">Oscar 2026<\/a>.<\/p>\n<p><img alt=\"George Clooney em cena de Jay Kelly\" src=\"data:image\/gif;base64,R0lGODlhAQABAIAAAAAAAP\/\/\/yH5BAEAAAAALAAAAAABAAEAAAIBRAA7\" decoding=\"async\" style=\"position:absolute;top:0;left:0;bottom:0;right:0;box-sizing:border-box;padding:0;border:none;margin:auto;display:block;width:0;height:0;min-width:100%;max-width:100%;min-height:100%;max-height:100%\"\/><\/p>\n<p font-weight=\"500\" font-size=\"14px\" class=\"style__Typo-sc-1e1gvva-0 ezCJRb\">George Clooney em cena de Jay Kelly<\/p>\n<p>Jay Kelly merece mais tempo nos cinemas<\/p>\n<p>A dire\u00e7\u00e3o de Noah Baumbach tamb\u00e9m merece destaque. Ele filma a jornada dos protagonistas com ritmo preciso e aten\u00e7\u00e3o absoluta aos personagens. A cinematografia \u00e9 exuberante, com luz e enquadramentos que valorizam monumentos europeus e transformam mem\u00f3rias em poesia visual. \u00c9 um dos trabalhos visuais mais marcantes de 2025.<\/p>\n<p>O roteiro encontra for\u00e7a nos flashbacks, que quebram a linearidade de forma inteligente e emocional. As mem\u00f3rias revelam camadas do protagonista, costuram sua rela\u00e7\u00e3o com o empres\u00e1rio e refor\u00e7am o peso das ren\u00fancias que moldaram sua carreira. A montagem alterna passado e presente com fluidez, criando um retrato maduro de fama, legado e desconex\u00e3o.<\/p>\n<p>Jay Kelly funciona n\u00e3o apenas como drama, mas como reflex\u00e3o sobre o impacto da ind\u00fastria no pr\u00f3prio cinema. O longa pede tela grande, pede plateia, pede proje\u00e7\u00e3o. \u00c9 um recado claro: o streaming pode ser casa, mas n\u00e3o pode ser o ber\u00e7o dos filmes que querem marcar \u00e9poca.<\/p>\n<p>Para quem se importa com cinema, Jay Kelly merece ser visto nas telonas. A estreia na Netflix ser\u00e1 s\u00f3 mais um lan\u00e7amento no cat\u00e1logo, mas nos cinemas o filme se transforma em evento. E \u00e9 exatamente isso que Hollywood precisa.<\/p>\n<p>Assista abaixo ao trailer de Jay Kelly:<\/p>\n","protected":false},"excerpt":{"rendered":"Em tempos nos quais a Netflix tenta provar que ainda \u00e9 relevante para o cinema, Jay Kelly chega&hellip;\n","protected":false},"author":2,"featured_media":162024,"comment_status":"","ping_status":"","sticky":false,"template":"","format":"standard","meta":{"footnotes":""},"categories":[140],"tags":[3883,114,115,147,148,878,146,716,32,33],"class_list":{"0":"post-162023","1":"post","2":"type-post","3":"status-publish","4":"format-standard","5":"has-post-thumbnail","7":"category-filmes","8":"tag-criticas","9":"tag-entertainment","10":"tag-entretenimento","11":"tag-film","12":"tag-filmes","13":"tag-lancamentos","14":"tag-movies","15":"tag-netflix","16":"tag-portugal","17":"tag-pt"},"share_on_mastodon":{"url":"https:\/\/pubeurope.com\/@pt\/115598827488644830","error":""},"_links":{"self":[{"href":"https:\/\/www.europesays.com\/pt\/wp-json\/wp\/v2\/posts\/162023","targetHints":{"allow":["GET"]}}],"collection":[{"href":"https:\/\/www.europesays.com\/pt\/wp-json\/wp\/v2\/posts"}],"about":[{"href":"https:\/\/www.europesays.com\/pt\/wp-json\/wp\/v2\/types\/post"}],"author":[{"embeddable":true,"href":"https:\/\/www.europesays.com\/pt\/wp-json\/wp\/v2\/users\/2"}],"replies":[{"embeddable":true,"href":"https:\/\/www.europesays.com\/pt\/wp-json\/wp\/v2\/comments?post=162023"}],"version-history":[{"count":0,"href":"https:\/\/www.europesays.com\/pt\/wp-json\/wp\/v2\/posts\/162023\/revisions"}],"wp:featuredmedia":[{"embeddable":true,"href":"https:\/\/www.europesays.com\/pt\/wp-json\/wp\/v2\/media\/162024"}],"wp:attachment":[{"href":"https:\/\/www.europesays.com\/pt\/wp-json\/wp\/v2\/media?parent=162023"}],"wp:term":[{"taxonomy":"category","embeddable":true,"href":"https:\/\/www.europesays.com\/pt\/wp-json\/wp\/v2\/categories?post=162023"},{"taxonomy":"post_tag","embeddable":true,"href":"https:\/\/www.europesays.com\/pt\/wp-json\/wp\/v2\/tags?post=162023"}],"curies":[{"name":"wp","href":"https:\/\/api.w.org\/{rel}","templated":true}]}}