{"id":162027,"date":"2025-11-23T11:42:13","date_gmt":"2025-11-23T11:42:13","guid":{"rendered":"https:\/\/www.europesays.com\/pt\/162027\/"},"modified":"2025-11-23T11:42:13","modified_gmt":"2025-11-23T11:42:13","slug":"cigarro-e-a-principal-causa-da-doenca-pulmonar-obstrutiva-cronica-dpoc","status":"publish","type":"post","link":"https:\/\/www.europesays.com\/pt\/162027\/","title":{"rendered":"Cigarro \u00e9 a principal causa da Doen\u00e7a Pulmonar Obstrutiva Cr\u00f4nica (DPOC)"},"content":{"rendered":"<p><img fetchpriority=\"high\" decoding=\"async\" class=\"alignnone size-full wp-image-353470\" src=\"https:\/\/www.europesays.com\/pt\/wp-content\/uploads\/2025\/11\/Cigarro.jpg\" alt=\"Cigarro \u00e9 a principal causa da Doen\u00e7a Pulmonar Obstrutiva Cr\u00f4nica (DPOC)\" width=\"1200\" height=\"750\" title=\"Cigarro \u00e9 a principal causa da Doen\u00e7a Pulmonar Obstrutiva Cr\u00f4nica (DPOC)\"  \/><br \/>\nEmbora n\u00e3o tenha cura, a DPOC pode ser controlada com tratamento adequado e mudan\u00e7as de estilo de vida.<\/p>\n<p><strong>Por Dra. Juliana Alvarenga<\/strong><\/p>\n<p>A Doen\u00e7a Pulmonar Obstrutiva Cr\u00f4nica (DPOC) \u00e9 uma das principais causas de morte evit\u00e1vel no mundo e afeta mais de 6 milh\u00f5es de brasileiros, segundo dados da Sociedade Brasileira de Pneumologia e Tisologia. A enfermidade, caracterizada pela limita\u00e7\u00e3o progressiva do fluxo de ar nos pulm\u00f5es, \u00e9 silenciosa em seu in\u00edcio e muitas vezes confundida com o envelhecimento natural ou crises de bronquite. Com o passar do tempo, por\u00e9m, os sintomas se intensificam e podem comprometer significativamente a qualidade de vida.<\/p>\n<p>\u201cO Dia Mundial da Doen\u00e7a Obstrutiva Cr\u00f4nica, dia 15 de novembro, \u00e9 uma oportunidade de conscientizar sobre esse quadro, que \u00e9 resultado de uma inflama\u00e7\u00e3o cr\u00f4nica nos pulm\u00f5es e que leva \u00e0 destrui\u00e7\u00e3o das vias a\u00e9reas e \u00e0 perda de elasticidade pulmonar. O principal fator de risco \u00e9 o tabagismo, tanto ativo quanto passivo, respons\u00e1vel por cerca de 85% dos casos\u201d, explica a pneumologista Luiza Tatagiba, da Cardiodiagn\u00f3stico.<\/p>\n<p>Al\u00e9m do cigarro, outros fatores tamb\u00e9m contribuem para o desenvolvimento da doen\u00e7a, como exposi\u00e7\u00e3o a poeiras, fuma\u00e7a de lenha e poluentes ambientais, especialmente em ambientes de trabalho. A DPOC geralmente se manifesta ap\u00f3s os 40 anos, mas o processo inflamat\u00f3rio come\u00e7a muito antes, o que torna o diagn\u00f3stico precoce essencial.<\/p>\n<p>Os sintomas mais comuns incluem tosse persistente, produ\u00e7\u00e3o de catarro, chiado no peito e falta de ar durante atividades simples, como caminhar ou subir escadas. \u201c\u00c9 importante lembrar que a falta de ar n\u00e3o \u00e9 um sinal normal do envelhecimento. Ela \u00e9 um alerta de que algo n\u00e3o est\u00e1 bem nos pulm\u00f5es\u201d, refor\u00e7a a m\u00e9dica.<\/p>\n<p>O diagn\u00f3stico \u00e9 feito por meio de uma avalia\u00e7\u00e3o cl\u00ednica e do exame de espirometria, que mede a capacidade respirat\u00f3ria e ajuda a identificar a gravidade do comprometimento pulmonar. Exames de imagem e testes laboratoriais podem ser solicitados para complementar a avalia\u00e7\u00e3o e descartar outras doen\u00e7as.<\/p>\n<p>LEIA MAIS<br \/>\n<a class=\"image\" href=\"https:\/\/esbrasil.com.br\/novembro-do-malismo-negro\/\" rel=\"nofollow noopener\" target=\"_blank\"><img loading=\"lazy\" decoding=\"async\" width=\"150\" height=\"150\" src=\"https:\/\/www.europesays.com\/pt\/wp-content\/uploads\/2025\/11\/MANOEL-150x150.jpg\" class=\"attachment-thumbnail size-thumbnail wp-post-image\" alt=\"Novembro do malismo negro\" title=\"Novembro do malismo negro\"\/><\/a> <a class=\"title\" href=\"https:\/\/esbrasil.com.br\/novembro-do-malismo-negro\/\" rel=\"nofollow noopener\" target=\"_blank\">Novembro do malismo negro<\/a> &#8211; Novembro, m\u00eas da consci\u00eancia negra? E como em todos os anos, neste pa\u00eds atravessado pela colonialidade e alicer\u00e7ado no racismo estrutural <\/p>\n<p>Embora n\u00e3o tenha cura, a DPOC pode ser controlada com tratamento adequado e mudan\u00e7as de estilo de vida. \u201cO primeiro passo \u00e9 interromper completamente o tabagismo, inclusive o passivo. Isso reduz a progress\u00e3o da doen\u00e7a e melhora a resposta aos medicamentos\u201d, explica Luiza Tatagiba.<\/p>\n<p>O tratamento inclui o uso de broncodilatadores e corticosteroides inalat\u00f3rios, al\u00e9m de programas de reabilita\u00e7\u00e3o pulmonar, que combinam exerc\u00edcios f\u00edsicos, fisioterapia e orienta\u00e7\u00f5es nutricionais.<\/p>\n<p>A m\u00e9dica tamb\u00e9m chama aten\u00e7\u00e3o para o impacto emocional e social da doen\u00e7a. \u201cPacientes com DPOC costumam limitar suas atividades por medo da falta de ar, o que leva ao sedentarismo, \u00e0 ansiedade e \u00e0 depress\u00e3o. O acompanhamento multiprofissional \u00e9 fundamental para devolver qualidade de vida a essas pessoas\u201d, destaca.<\/p>\n<p>A preven\u00e7\u00e3o, segundo a pneumologista, passa por medidas simples, mas eficazes: evitar o tabaco, manter a vacina\u00e7\u00e3o em dia (especialmente contra gripe e pneumonia), adotar alimenta\u00e7\u00e3o equilibrada e praticar atividades f\u00edsicas regularmente. \u201cA DPOC \u00e9 uma doen\u00e7a grave, mas evit\u00e1vel. A melhor estrat\u00e9gia \u00e9 n\u00e3o fumar e procurar avalia\u00e7\u00e3o m\u00e9dica diante de qualquer sintoma respirat\u00f3rio persistente\u201d, finaliza\u00a0Tatagiba.<\/p>\n<p><strong>Juliana Alvarenga<\/strong> \u00e9 oncologista cl\u00ednica.<\/p>\n","protected":false},"excerpt":{"rendered":"Embora n\u00e3o tenha cura, a DPOC pode ser controlada com tratamento adequado e mudan\u00e7as de estilo de vida.&hellip;\n","protected":false},"author":2,"featured_media":162028,"comment_status":"","ping_status":"","sticky":false,"template":"","format":"standard","meta":{"footnotes":""},"categories":[86],"tags":[116,32,33,117],"class_list":{"0":"post-162027","1":"post","2":"type-post","3":"status-publish","4":"format-standard","5":"has-post-thumbnail","7":"category-saude","8":"tag-health","9":"tag-portugal","10":"tag-pt","11":"tag-saude"},"share_on_mastodon":{"url":"https:\/\/pubeurope.com\/@pt\/115598835755295599","error":""},"_links":{"self":[{"href":"https:\/\/www.europesays.com\/pt\/wp-json\/wp\/v2\/posts\/162027","targetHints":{"allow":["GET"]}}],"collection":[{"href":"https:\/\/www.europesays.com\/pt\/wp-json\/wp\/v2\/posts"}],"about":[{"href":"https:\/\/www.europesays.com\/pt\/wp-json\/wp\/v2\/types\/post"}],"author":[{"embeddable":true,"href":"https:\/\/www.europesays.com\/pt\/wp-json\/wp\/v2\/users\/2"}],"replies":[{"embeddable":true,"href":"https:\/\/www.europesays.com\/pt\/wp-json\/wp\/v2\/comments?post=162027"}],"version-history":[{"count":0,"href":"https:\/\/www.europesays.com\/pt\/wp-json\/wp\/v2\/posts\/162027\/revisions"}],"wp:featuredmedia":[{"embeddable":true,"href":"https:\/\/www.europesays.com\/pt\/wp-json\/wp\/v2\/media\/162028"}],"wp:attachment":[{"href":"https:\/\/www.europesays.com\/pt\/wp-json\/wp\/v2\/media?parent=162027"}],"wp:term":[{"taxonomy":"category","embeddable":true,"href":"https:\/\/www.europesays.com\/pt\/wp-json\/wp\/v2\/categories?post=162027"},{"taxonomy":"post_tag","embeddable":true,"href":"https:\/\/www.europesays.com\/pt\/wp-json\/wp\/v2\/tags?post=162027"}],"curies":[{"name":"wp","href":"https:\/\/api.w.org\/{rel}","templated":true}]}}