{"id":162034,"date":"2025-11-23T11:48:28","date_gmt":"2025-11-23T11:48:28","guid":{"rendered":"https:\/\/www.europesays.com\/pt\/162034\/"},"modified":"2025-11-23T11:48:28","modified_gmt":"2025-11-23T11:48:28","slug":"benfica-monica-jorge-apresentacao-sl-benfica","status":"publish","type":"post","link":"https:\/\/www.europesays.com\/pt\/162034\/","title":{"rendered":"Benfica M\u00f3nica Jorge Apresenta\u00e7\u00e3o &#8211; SL Benfica"},"content":{"rendered":"<p>&#13;<br \/>\n&#13;<br \/>\n                        Futsal&#13;\n                    <\/p>\n<p class=\"news-title\">Araz Nax\u00e7ivan-Benfica: antevis\u00e3o de Cassiano Klein<\/p>\n<p>&#13;<br \/>\n                        Ambiente quente e press\u00e3o m\u00e1xima em Bacu marcam o in\u00edcio (1.\u00aa m\u00e3o) dos oitavos de final da UEFA Futsal Champions League, nesta segunda-feira, \u00e0s 16h00 (hora de Portugal Continental), no Baku Sports Hall, onde o Benfica enfrenta o Araz Nax\u00e7ivan. &#8220;\u00c9 um jogo muito especial para n\u00f3s, lut\u00e1mos muito para chegar aqui&#8221;, confessou Cassiano Klein, treinador do coletivo campe\u00e3o nacional, que viaja com identidade vincada: &#8220;Somos essa equipa que joga o cora\u00e7\u00e3o.&#8221; Em casa, o advers\u00e1rio promete intensidade e forte apoio local, num contexto competitivo diferente. &#8220;Sabemos como esta competi\u00e7\u00e3o \u00e9 importante para n\u00f3s e para os nossos adeptos&#8221;, salientou o t\u00e9cnico aos meios do Clube.&#13;\n                    <\/p>\n","protected":false},"excerpt":{"rendered":"&#13; &#13; Futsal&#13; Araz Nax\u00e7ivan-Benfica: antevis\u00e3o de Cassiano Klein &#13; Ambiente quente e press\u00e3o m\u00e1xima em Bacu marcam&hellip;\n","protected":false},"author":2,"featured_media":162035,"comment_status":"","ping_status":"","sticky":false,"template":"","format":"standard","meta":{"footnotes":""},"categories":[8],"tags":[27,28,15,16,14,25,26,21,22,12,13,19,20,32,23,24,33,17,18,29,30,31],"class_list":{"0":"post-162034","1":"post","2":"type-post","3":"status-publish","4":"format-standard","5":"has-post-thumbnail","7":"category-principais-noticias","8":"tag-breaking-news","9":"tag-breakingnews","10":"tag-featured-news","11":"tag-featurednews","12":"tag-headlines","13":"tag-latest-news","14":"tag-latestnews","15":"tag-main-news","16":"tag-mainnews","17":"tag-news","18":"tag-noticias","19":"tag-noticias-principais","20":"tag-noticiasprincipais","21":"tag-portugal","22":"tag-principais-noticias","23":"tag-principaisnoticias","24":"tag-pt","25":"tag-top-stories","26":"tag-topstories","27":"tag-ultimas","28":"tag-ultimas-noticias","29":"tag-ultimasnoticias"},"share_on_mastodon":{"url":"https:\/\/pubeurope.com\/@pt\/115598859008017358","error":""},"_links":{"self":[{"href":"https:\/\/www.europesays.com\/pt\/wp-json\/wp\/v2\/posts\/162034","targetHints":{"allow":["GET"]}}],"collection":[{"href":"https:\/\/www.europesays.com\/pt\/wp-json\/wp\/v2\/posts"}],"about":[{"href":"https:\/\/www.europesays.com\/pt\/wp-json\/wp\/v2\/types\/post"}],"author":[{"embeddable":true,"href":"https:\/\/www.europesays.com\/pt\/wp-json\/wp\/v2\/users\/2"}],"replies":[{"embeddable":true,"href":"https:\/\/www.europesays.com\/pt\/wp-json\/wp\/v2\/comments?post=162034"}],"version-history":[{"count":0,"href":"https:\/\/www.europesays.com\/pt\/wp-json\/wp\/v2\/posts\/162034\/revisions"}],"wp:featuredmedia":[{"embeddable":true,"href":"https:\/\/www.europesays.com\/pt\/wp-json\/wp\/v2\/media\/162035"}],"wp:attachment":[{"href":"https:\/\/www.europesays.com\/pt\/wp-json\/wp\/v2\/media?parent=162034"}],"wp:term":[{"taxonomy":"category","embeddable":true,"href":"https:\/\/www.europesays.com\/pt\/wp-json\/wp\/v2\/categories?post=162034"},{"taxonomy":"post_tag","embeddable":true,"href":"https:\/\/www.europesays.com\/pt\/wp-json\/wp\/v2\/tags?post=162034"}],"curies":[{"name":"wp","href":"https:\/\/api.w.org\/{rel}","templated":true}]}}