{"id":162050,"date":"2025-11-23T12:08:09","date_gmt":"2025-11-23T12:08:09","guid":{"rendered":"https:\/\/www.europesays.com\/pt\/162050\/"},"modified":"2025-11-23T12:08:09","modified_gmt":"2025-11-23T12:08:09","slug":"aline-deluna-interpreta-ex-mulher-de-policial-em-arcanjo-renegado-nao-pode-fraquejar-celebridades","status":"publish","type":"post","link":"https:\/\/www.europesays.com\/pt\/162050\/","title":{"rendered":"Aline Deluna interpreta ex-mulher de policial em &#8216;Arcanjo Renegado&#8217;: &#8216;N\u00e3o pode fraquejar&#8217; | Celebridades"},"content":{"rendered":"<p>                                        Aline Deluna &#8211; Divulga\u00e7\u00e3o \/ Rodrigo Lopes<\/p>\n<p class=\"content-media__description\">Aline DelunaDivulga\u00e7\u00e3o \/ Rodrigo Lopes<\/p>\n<p>                            Publicado 23\/11\/2025 05:00\n                    <\/p>\n<p>Rio &#8211;\u00a0Aline Deluna integra a quarta temporada da s\u00e9rie &#8220;Arcanjo Renegado&#8221;, sucesso no Globoplay, como Cristiane,\u00a0uma mulher forte que assume a rotina da casa e a cria\u00e7\u00e3o das filhas enquanto lida com as consequ\u00eancias da profiss\u00e3o de risco do ex-marido, o policial Raoni, vivido por Renan Monteiro.\u00a0<\/p>\n<p>&#8220;A Cristiane \u00e9 uma mulher bem resolvida, que possui uma rela\u00e7\u00e3o saud\u00e1vel e de amizade com o ex-marido, com quem divide a cria\u00e7\u00e3o das crian\u00e7as, e que lida com a tens\u00e3o e preocupa\u00e7\u00e3o com a profiss\u00e3o do ex-companheiro. Ela representa uma posi\u00e7\u00e3o ocupada por muitas mulheres, respons\u00e1veis pelo cuidado das filhas e pela manuten\u00e7\u00e3o da casa, vivendo a ang\u00fastia di\u00e1ria de saber que o pai das meninas se coloca em risco. \u00c9 uma daquelas mulheres que n\u00e3o podem se dar ao luxo de fraquejar&#8221;, reflete Aline.<\/p>\n<p>Com dez epis\u00f3dios, a produ\u00e7\u00e3o insere Cristiane no contexto de uma temporada em que Mikhael (Marcello Melo Jr.) enfrenta novos riscos longe do Rio de Janeiro. J\u00e1, na cidade maravilhosa,\u00a0a viv\u00eancia das fam\u00edlias de agentes\u00a0ocupa espa\u00e7o importante na narrativa, tema que, para Aline, dialoga diretamente com acontecimentos recentes no estado.<\/p>\n<p>&#8220;Na nossa cultura, o mais comum \u00e9 vermos mulheres respons\u00e1veis pelo lar. A trag\u00e9dia que aconteceu no Rio deixou claro como vidas s\u00e3o ceifadas de ambos os lados e, depois disso, permanecem esposas e m\u00e3es tentando lidar com luto, dor e, ainda assim, sustentando a estrutura familiar. Quem olha para essas mulheres?&#8221;, provoca.<\/p>\n<p><strong>Do teatro musical \u00e0 psicologia<\/strong><\/p>\n<p>Com trajet\u00f3ria consolidada no teatro musical, Aline atualmente interpreta Maria Beth\u00e2nia no espet\u00e1culo &#8220;Djavan, Vidas para Contar&#8221;, dirigido por Jo\u00e3o Fonseca. O papel exigiu profunda pesquisa e sensibilidade para captar a for\u00e7a c\u00eanica da artista baiana.<\/p>\n<p>&#8220;Para mim, o primeiro passo \u00e9 entender a ess\u00eancia da personagem. Beth\u00e2nia \u00e9 uma for\u00e7a da natureza: ela preenche o espa\u00e7o, interpreta cada palavra, \u00e9 uma atriz cantando. Assisti a muitas apresenta\u00e7\u00f5es, document\u00e1rios e entrevistas. Representar algu\u00e9m que admiramos d\u00e1 medo, a cobran\u00e7a interna \u00e9 maior. A confirma\u00e7\u00e3o veio quando Djavan assistiu a uma apresenta\u00e7\u00e3o e disse que ficou impressionado com a semelhan\u00e7a. E depois, com a aprova\u00e7\u00e3o do Caetano Veloso. Ali eu soube que estava no caminho certo&#8221;.<\/p>\n<p>A carreira teatral tamb\u00e9m rendeu \u00e0 atriz uma rela\u00e7\u00e3o especial com Paris, onde apresentou uma vers\u00e3o em franc\u00eas do espet\u00e1culo &#8220;Josephine Baker, a V\u00eanus Negra&#8221;, que lhe garantiu indica\u00e7\u00f5es aos pr\u00eamios Shell, APTR, APCA, Cesgranrio e Botequim Cultural.<\/p>\n<p>&#8220;Foi uma experi\u00eancia maravilhosa, a realiza\u00e7\u00e3o de um sonho. A Josephine foi uma menina que sobreviveu e cresceu na pobreza nos EUA, cruzou o continente atrav\u00e9s da arte e reescreveu sua hist\u00f3ria, assim como eu, que comecei a fazer teatro aos 7 anos na Pra\u00e7a Seca, em um centro cultural gratuito, tendo como refer\u00eancia apenas o que via na televis\u00e3o. As apresenta\u00e7\u00f5es foram maravilhosas e renderam convites para novas sess\u00f5es na Fran\u00e7a e no Brasil&#8221;, revela. <\/p>\n<p>Al\u00e9m da carreira art\u00edstica, Aline mant\u00e9m h\u00e1 dez anos um consult\u00f3rio de psican\u00e1lise. &#8220;A sa\u00fade mental entrou na minha vida por curiosidade. Quando comecei a gradua\u00e7\u00e3o, n\u00e3o sabia se atuaria profissionalmente, mas \u00e9 gratificante ajudar algu\u00e9m a se libertar de amarras internas e florescer. Hoje, n\u00e3o me vejo escolhendo entre uma \u00e1rea e outra. Pretendo seguir atuante nos dois campos&#8221;, conta.\u00a0<\/p>\n<p><strong>Pr\u00f3ximos passos<\/strong><\/p>\n<p>Na m\u00fasica, a artista prepara um \u00e1lbum com releituras de can\u00e7\u00f5es de Josephine Baker, com lan\u00e7amento previsto para 2026. No audiovisual, Aline gravou um longa de anima\u00e7\u00e3o, que deve ser lan\u00e7ado ano que vem,\u00a0e participou de outro filme rodado em 2024, no qual atuou e assinou a prepara\u00e7\u00e3o de elenco.\u00a0<\/p>\n<p>&#8220;Felizmente, tenho muitos projetos no forno. Sigo em circula\u00e7\u00e3o com o musical &#8216;Djavan, Vidas para Contar&#8217;. H\u00e1 um \u00e1lbum sendo finalizado, filmes chegando e um novo projeto teatral sobre o qual ainda n\u00e3o posso adiantar muito, mas posso garantir que vem muita coisa boa por a\u00ed&#8221;, adianta.<\/p>\n","protected":false},"excerpt":{"rendered":"Aline Deluna &#8211; Divulga\u00e7\u00e3o \/ Rodrigo Lopes Aline DelunaDivulga\u00e7\u00e3o \/ Rodrigo Lopes Publicado 23\/11\/2025 05:00 Rio &#8211;\u00a0Aline Deluna&hellip;\n","protected":false},"author":2,"featured_media":162051,"comment_status":"","ping_status":"","sticky":false,"template":"","format":"standard","meta":{"footnotes":""},"categories":[145],"tags":[34435,13072,813,211,210,114,115,3179,32,33,3939],"class_list":{"0":"post-162050","1":"post","2":"type-post","3":"status-publish","4":"format-standard","5":"has-post-thumbnail","7":"category-celebridades","8":"tag-aline-deluna","9":"tag-arcanjo-renegado","10":"tag-atriz","11":"tag-celebridades","12":"tag-celebrities","13":"tag-entertainment","14":"tag-entretenimento","15":"tag-globoplay","16":"tag-portugal","17":"tag-pt","18":"tag-serie"},"share_on_mastodon":{"url":"https:\/\/pubeurope.com\/@pt\/115598937457204022","error":""},"_links":{"self":[{"href":"https:\/\/www.europesays.com\/pt\/wp-json\/wp\/v2\/posts\/162050","targetHints":{"allow":["GET"]}}],"collection":[{"href":"https:\/\/www.europesays.com\/pt\/wp-json\/wp\/v2\/posts"}],"about":[{"href":"https:\/\/www.europesays.com\/pt\/wp-json\/wp\/v2\/types\/post"}],"author":[{"embeddable":true,"href":"https:\/\/www.europesays.com\/pt\/wp-json\/wp\/v2\/users\/2"}],"replies":[{"embeddable":true,"href":"https:\/\/www.europesays.com\/pt\/wp-json\/wp\/v2\/comments?post=162050"}],"version-history":[{"count":0,"href":"https:\/\/www.europesays.com\/pt\/wp-json\/wp\/v2\/posts\/162050\/revisions"}],"wp:featuredmedia":[{"embeddable":true,"href":"https:\/\/www.europesays.com\/pt\/wp-json\/wp\/v2\/media\/162051"}],"wp:attachment":[{"href":"https:\/\/www.europesays.com\/pt\/wp-json\/wp\/v2\/media?parent=162050"}],"wp:term":[{"taxonomy":"category","embeddable":true,"href":"https:\/\/www.europesays.com\/pt\/wp-json\/wp\/v2\/categories?post=162050"},{"taxonomy":"post_tag","embeddable":true,"href":"https:\/\/www.europesays.com\/pt\/wp-json\/wp\/v2\/tags?post=162050"}],"curies":[{"name":"wp","href":"https:\/\/api.w.org\/{rel}","templated":true}]}}