{"id":162055,"date":"2025-11-23T12:14:07","date_gmt":"2025-11-23T12:14:07","guid":{"rendered":"https:\/\/www.europesays.com\/pt\/162055\/"},"modified":"2025-11-23T12:14:07","modified_gmt":"2025-11-23T12:14:07","slug":"brasil-palmeiras-volta-a-tropecar-e-ve-o-flamengo-mais-perto-do-titulo","status":"publish","type":"post","link":"https:\/\/www.europesays.com\/pt\/162055\/","title":{"rendered":"Brasil: Palmeiras volta a trope\u00e7ar e v\u00ea o Flamengo mais perto do t\u00edtulo"},"content":{"rendered":"<p style=\"margin-bottom:11px\">O Palmeiras voltou a escorregar e praticamente hipotecou as hip\u00f3teses de conquistar o Brasileir\u00e3o. A equipa de Abel Ferreira <a href=\"https:\/\/maisfutebol.iol.pt\/jogo\/palmeiras\/fluminense\/13823326\" target=\"_blank\" rel=\"nofollow noopener\"><strong>empatou a zero na rece\u00e7\u00e3o ao Fluminense<\/strong><\/a> e viu o Flamengo vencer em casa o Bragantino (<a href=\"https:\/\/maisfutebol.iol.pt\/jogo\/flamengo\/bragantino\/13823328\" target=\"_blank\" rel=\"nofollow noopener\"><strong>3-0<\/strong><\/a>).<\/p>\n<p>A tr\u00eas jornadas do fim do <a href=\"https:\/\/maisfutebol.iol.pt\/resultadoseclassificacoes\/144\/brasil\/serie-a\" target=\"_blank\" rel=\"nofollow noopener\"><strong>campeonato brasileiro<\/strong><\/a>, o Meng\u00e3o aumentou para quatro pontos a vantagem na lideran\u00e7a sobre o Verd\u00e3o.<\/p>\n<p>O Palmeiras, que vinha de duas derrotas e um empate no Brasileir\u00e3o, apanhou pela frente um Fluminense motivado pelo triunfo na ronda anterior precisamente diante do Flamengo. A equipa de Abel Ferreira esteve imprecisa nos passes e pouco criativa no ataque, somando o terceiro jogo consecutivo sem marcar.<\/p>\n<p>Por sua vez, o Flamengo n\u00e3o vacilou e venceu o Bragantino no Maracan\u00e3, com tr\u00eas golos apontados na segunda parte. Giorgian de Arrascaeta (50m), Jorginho (64m, pen\u00e1lti) e Bruno Henrique (72m) marcarama favor do conjunto do Rio de Janeiro.<\/p>\n<p>Palmeiras e Flamengo v\u00e3o defrontar-se daqui a uma semana da final da Libertadores, mas, antes disso, ainda jogam para o Brasileir\u00e3o e o t\u00edtulo poder\u00e1 mesmo ficar fechado.<\/p>\n<p>Na madrugada de ter\u00e7a para quarta-feira, o Palmeiras visita o Gr\u00e9mio, enquanto o Flamengo joga no reduto do Atl\u00e9tico Mineiro, que vem de uma <a href=\"https:\/\/maisfutebol.iol.pt\/sul-americana\/internacional\/salvio-supera-hulk-e-lanus-vence-sul-americana-nos-penaltis\" target=\"_blank\" rel=\"nofollow noopener\"><strong>derrota na final da Ta\u00e7a Sul-Americana<\/strong><\/a>. Se vencer o Mineiro e o Palmeiras trope\u00e7ar, o Flamengo ser\u00e1 consagrado campe\u00e3o j\u00e1 na pr\u00f3xima jornada.<\/p>\n<p>O Flamengo soma 74 pontos em 35 jogos, mais quatro do que o Palmeiras e mais nove do que o Cruzeiro, equipa comandada por Leonardo Jardim que completa o p\u00f3dio.<\/p>\n","protected":false},"excerpt":{"rendered":"O Palmeiras voltou a escorregar e praticamente hipotecou as hip\u00f3teses de conquistar o Brasileir\u00e3o. A equipa de Abel&hellip;\n","protected":false},"author":2,"featured_media":162056,"comment_status":"","ping_status":"","sticky":false,"template":"","format":"standard","meta":{"footnotes":""},"categories":[87],"tags":[3506,726,1620,135,2460,82,13427,5433,46,8356,1621,32,33,47,527,8484,5434,5920,134],"class_list":{"0":"post-162055","1":"post","2":"type-post","3":"status-publish","4":"format-standard","5":"has-post-thumbnail","7":"category-desporto","8":"tag-abel-ferreira","9":"tag-brasil","10":"tag-brasileirao","11":"tag-desporto","12":"tag-flamengo","13":"tag-internacional","14":"tag-jogos-de-hoje","15":"tag-jogos-hoje","16":"tag-maisfutebol","17":"tag-maisfutebol-resultados","18":"tag-palmeiras","19":"tag-portugal","20":"tag-pt","21":"tag-pura-paixao","22":"tag-resultados","23":"tag-resultados-de-hoje","24":"tag-resultados-hoje","25":"tag-resultados-maisfutebol","26":"tag-sports"},"share_on_mastodon":{"url":"https:\/\/pubeurope.com\/@pt\/115598961354951965","error":""},"_links":{"self":[{"href":"https:\/\/www.europesays.com\/pt\/wp-json\/wp\/v2\/posts\/162055","targetHints":{"allow":["GET"]}}],"collection":[{"href":"https:\/\/www.europesays.com\/pt\/wp-json\/wp\/v2\/posts"}],"about":[{"href":"https:\/\/www.europesays.com\/pt\/wp-json\/wp\/v2\/types\/post"}],"author":[{"embeddable":true,"href":"https:\/\/www.europesays.com\/pt\/wp-json\/wp\/v2\/users\/2"}],"replies":[{"embeddable":true,"href":"https:\/\/www.europesays.com\/pt\/wp-json\/wp\/v2\/comments?post=162055"}],"version-history":[{"count":0,"href":"https:\/\/www.europesays.com\/pt\/wp-json\/wp\/v2\/posts\/162055\/revisions"}],"wp:featuredmedia":[{"embeddable":true,"href":"https:\/\/www.europesays.com\/pt\/wp-json\/wp\/v2\/media\/162056"}],"wp:attachment":[{"href":"https:\/\/www.europesays.com\/pt\/wp-json\/wp\/v2\/media?parent=162055"}],"wp:term":[{"taxonomy":"category","embeddable":true,"href":"https:\/\/www.europesays.com\/pt\/wp-json\/wp\/v2\/categories?post=162055"},{"taxonomy":"post_tag","embeddable":true,"href":"https:\/\/www.europesays.com\/pt\/wp-json\/wp\/v2\/tags?post=162055"}],"curies":[{"name":"wp","href":"https:\/\/api.w.org\/{rel}","templated":true}]}}