{"id":162057,"date":"2025-11-23T12:15:16","date_gmt":"2025-11-23T12:15:16","guid":{"rendered":"https:\/\/www.europesays.com\/pt\/162057\/"},"modified":"2025-11-23T12:15:16","modified_gmt":"2025-11-23T12:15:16","slug":"um-problema-que-vai-muito-alem-da-balanca","status":"publish","type":"post","link":"https:\/\/www.europesays.com\/pt\/162057\/","title":{"rendered":"um problema que vai muito al\u00e9m da balan\u00e7a"},"content":{"rendered":"<p>A <strong>obesidade<\/strong> \u00e9 um dos maiores desafios de <strong><a href=\"https:\/\/www.folhavitoria.com.br\/videos\/check-up-saude\/quedas-entre-idosos-sao-alerta-de-saude-publica\/\" rel=\"nofollow noopener\" target=\"_blank\">sa\u00fade p\u00fablica<\/a><\/strong> do nosso tempo, \u00e9 uma condi\u00e7\u00e3o cr\u00f4nica, complexa e multifatorial que j\u00e1 atinge mais da metade da popula\u00e7\u00e3o brasileira. Conforme os dados do <strong><a href=\"https:\/\/www.folhavitoria.com.br\/tag\/ministerio--da-saude\/\" rel=\"nofollow noopener\" target=\"_blank\">Minist\u00e9rio da Sa\u00fade<\/a><\/strong>, o n\u00famero de pessoas com obesidade cresceu 72% em pouco mais de uma d\u00e9cada, e <strong>57% dos brasileiros est\u00e3o acima do peso ideal.<\/strong> <\/p>\n<p>O alerta \u00e9 claro: n\u00e3o se trata apenas de est\u00e9tica, mas de <strong><a href=\"https:\/\/www.folhavitoria.com.br\/saude\/\" rel=\"nofollow noopener\" target=\"_blank\">sa\u00fade<\/a><\/strong>, qualidade de vida e bem-estar.<\/p>\n<p>Os fatores que levam \u00e0 obesidade<\/p>\n<p>A doen\u00e7a resulta da intera\u00e7\u00e3o entre fatores <strong>gen\u00e9ticos, metab\u00f3licos, psicol\u00f3gicos, sociais e ambientais.<\/strong> Ou seja, n\u00e3o \u00e9 simplesmente comer demais ou se exercitar de menos. <\/p>\n<p>Aspectos como rotina estressante, sono irregular, <strong><a href=\"https:\/\/www.folhavitoria.com.br\/saude\/ultraprocessados-ja-sao-quase-um-quarto-da-alimentacao-dos-brasileiros\/\" rel=\"nofollow noopener\" target=\"_blank\">alimenta\u00e7\u00e3o ultraprocessada<\/a><\/strong>, ansiedade e at\u00e9 predisposi\u00e7\u00e3o gen\u00e9tica influenciam diretamente o metabolismo e o ac\u00famulo de gordura corporal.<\/p>\n<p>Principais impactos<\/p>\n<p>Os impactos s\u00e3o amplos: a obesidade est\u00e1 associada ao aumento do risco de <strong><a href=\"https:\/\/www.folhavitoria.com.br\/saude\/alimentacao-diabetes\/\" rel=\"nofollow noopener\" target=\"_blank\">diabetes<\/a><\/strong> tipo 2, hipertens\u00e3o, doen\u00e7as cardiovasculares, apneia do sono e at\u00e9 alguns tipos de <strong><a href=\"https:\/\/www.folhavitoria.com.br\/saude\/como-prevenir-o-cancer-de-prostata-segundo-especialistas\/\" rel=\"nofollow noopener\" target=\"_blank\">c\u00e2ncer<\/a><\/strong>. Al\u00e9m disso, h\u00e1 o peso invis\u00edvel do preconceito, um estigma social que, muitas vezes, impede que as pessoas busquem ajuda ou recebam o acolhimento necess\u00e1rio.<\/p>\n<p>A nossa preocupa\u00e7\u00e3o \u00e9 ainda maior entre as novas gera\u00e7\u00f5es. Estimativas do Minist\u00e9rio da Sa\u00fade e da Organiza\u00e7\u00e3o Pan-Americana da Sa\u00fade (OPAS) apontam que 1<strong>2,9% das crian\u00e7as entre 5 e 9 anos e 7% dos adolescentes entre 12 e 17 anos j\u00e1 enfrentam a obesidade.<\/strong> O dado refor\u00e7a a import\u00e2ncia da preven\u00e7\u00e3o desde cedo, com h\u00e1bitos saud\u00e1veis e acompanhamento m\u00e9dico regular.<\/p>\n<p><strong>LEIA TAMB\u00c9M | <a href=\"https:\/\/www.folhavitoria.com.br\/saude\/sintomas-inexplicaveis-doencas-neurologicas-que-desafiam-o-diagnostico\/\" target=\"_blank\" rel=\"noreferrer noopener nofollow\">Sintomas \u201cinexplic\u00e1veis\u201d: doen\u00e7as neurol\u00f3gicas que desafiam o diagn\u00f3stico<\/a><\/strong><\/p>\n<p>Temos que ressaltar,<strong> que tratar a obesidade exige mais consci\u00eancia e menos julgamento.<\/strong> \u00c9 um processo que passa por reeduca\u00e7\u00e3o alimentar, pr\u00e1tica de atividades f\u00edsicas, acompanhamento multiprofissional e cuidado com a sa\u00fade mental. A boa not\u00edcia \u00e9 que, com orienta\u00e7\u00e3o adequada e apoio, \u00e9 poss\u00edvel reverter o quadro e retomar o equil\u00edbrio.<\/p>\n<p>Mudan\u00e7as que fazem a diferen\u00e7a<\/p>\n<p>Pequenas mudan\u00e7as na alimenta\u00e7\u00e3o podem fazer uma grande diferen\u00e7a. Veja algumas orienta\u00e7\u00f5es pr\u00e1ticas:<\/p>\n<ul class=\"wp-block-list\">\n<li><strong>Priorize alimentos naturais: <\/strong>frutas, verduras, legumes, gr\u00e3os integrais e prote\u00ednas magras devem compor a base do prato.<\/li>\n<li><strong>Evite os ultraprocessados:<\/strong> produtos prontos, embutidos, refrigerantes e snacks industrializados s\u00e3o ricos em gordura, a\u00e7\u00facar e s\u00f3dio, que favorecem o ganho de peso.<\/li>\n<li><strong>Mastigue devagar e preste aten\u00e7\u00e3o \u00e0 saciedade:<\/strong> comer com calma ajuda o c\u00e9rebro a reconhecer quando o corpo est\u00e1 satisfeito.<\/li>\n<li><strong>Hidrate-se bem:<\/strong> muitas vezes confundimos sede com fome. Beba \u00e1gua ao longo do dia.<\/li>\n<li><strong>N\u00e3o pule refei\u00e7\u00f5es:<\/strong> manter intervalos regulares evita picos de fome e melhora o controle do apetite.<\/li>\n<li><strong>Planeje suas refei\u00e7\u00f5es: <\/strong>ter op\u00e7\u00f5es saud\u00e1veis \u00e0 m\u00e3o ajuda a evitar escolhas impulsivas.<\/li>\n<\/ul>\n<p>Aprenda a equilibrar, n\u00e3o a restringir. Nenhum alimento precisa ser totalmente proibido, mas as quantidades e frequ\u00eancias fazem toda a diferen\u00e7a. Mais do que buscar um corpo ideal, o foco deve ser a sa\u00fade integral. Cuidar do peso \u00e9 cuidar da vida. E dar o primeiro passo pode significar uma grande transforma\u00e7\u00e3o.<\/p>\n","protected":false},"excerpt":{"rendered":"A obesidade \u00e9 um dos maiores desafios de sa\u00fade p\u00fablica do nosso tempo, \u00e9 uma condi\u00e7\u00e3o cr\u00f4nica, complexa&hellip;\n","protected":false},"author":2,"featured_media":162058,"comment_status":"","ping_status":"","sticky":false,"template":"","format":"standard","meta":{"footnotes":""},"categories":[86],"tags":[547,34436,116,1022,32,33,117,896,2640],"class_list":{"0":"post-162057","1":"post","2":"type-post","3":"status-publish","4":"format-standard","5":"has-post-thumbnail","7":"category-saude","8":"tag-alimentacao-saudavel","9":"tag-coluna-vida-saudavel","10":"tag-health","11":"tag-obesidade","12":"tag-portugal","13":"tag-pt","14":"tag-saude","15":"tag-saude-publica","16":"tag-vida-saudavel"},"share_on_mastodon":{"url":"https:\/\/pubeurope.com\/@pt\/115598965014776794","error":""},"_links":{"self":[{"href":"https:\/\/www.europesays.com\/pt\/wp-json\/wp\/v2\/posts\/162057","targetHints":{"allow":["GET"]}}],"collection":[{"href":"https:\/\/www.europesays.com\/pt\/wp-json\/wp\/v2\/posts"}],"about":[{"href":"https:\/\/www.europesays.com\/pt\/wp-json\/wp\/v2\/types\/post"}],"author":[{"embeddable":true,"href":"https:\/\/www.europesays.com\/pt\/wp-json\/wp\/v2\/users\/2"}],"replies":[{"embeddable":true,"href":"https:\/\/www.europesays.com\/pt\/wp-json\/wp\/v2\/comments?post=162057"}],"version-history":[{"count":0,"href":"https:\/\/www.europesays.com\/pt\/wp-json\/wp\/v2\/posts\/162057\/revisions"}],"wp:featuredmedia":[{"embeddable":true,"href":"https:\/\/www.europesays.com\/pt\/wp-json\/wp\/v2\/media\/162058"}],"wp:attachment":[{"href":"https:\/\/www.europesays.com\/pt\/wp-json\/wp\/v2\/media?parent=162057"}],"wp:term":[{"taxonomy":"category","embeddable":true,"href":"https:\/\/www.europesays.com\/pt\/wp-json\/wp\/v2\/categories?post=162057"},{"taxonomy":"post_tag","embeddable":true,"href":"https:\/\/www.europesays.com\/pt\/wp-json\/wp\/v2\/tags?post=162057"}],"curies":[{"name":"wp","href":"https:\/\/api.w.org\/{rel}","templated":true}]}}