{"id":162059,"date":"2025-11-23T12:20:10","date_gmt":"2025-11-23T12:20:10","guid":{"rendered":"https:\/\/www.europesays.com\/pt\/162059\/"},"modified":"2025-11-23T12:20:10","modified_gmt":"2025-11-23T12:20:10","slug":"sauditas-muito-interessados-em-investir-em-portugal","status":"publish","type":"post","link":"https:\/\/www.europesays.com\/pt\/162059\/","title":{"rendered":"Sauditas &#8220;muito interessados&#8221; em investir em Portugal"},"content":{"rendered":"<p id=\"block-1\">O presidente do conselho empresarial Ar\u00e1bia Saudita-Portugal disse hoje \u00e0 Lusa que a economia saudita est\u00e1 em forte expans\u00e3o, apontando oportunidades para empresas portuguesas e o interesse saudita em investir em setores como turismo, ind\u00fastria, agricultura e energia.<\/p>\n<p id=\"block-2\">&#8220;Os empres\u00e1rios sauditas est\u00e3o muito interessados e querem ter um caminho certo para investir em Portugal&#8221;, destacou Alwalid Albaltan em Riade, onde come\u00e7a hoje uma visita de dois dias do ministro da Economia e da Coes\u00e3o Territorial, Manuel Castro Almeida, que visa refor\u00e7ar as rela\u00e7\u00f5es econ\u00f3micas bilaterais. <\/p>\n<p id=\"block-3\">O Conselho Empresarial Ar\u00e1bia Saudita-Portugal e a sua contraparte portuguesa come\u00e7aram a trabalhar h\u00e1 cerca de um ano para promover os investimentos, organizando miss\u00f5es empresariais e sess\u00f5es de esclarecimento sobre neg\u00f3cios nos dois pa\u00edses.<\/p>\n<p id=\"block-4\">&#8220;Cri\u00e1mos esta base e agora j\u00e1 conseguimos ver o resultado&#8221;, comentou Alwalid Albaltan, exemplificando com a recente intensifica\u00e7\u00e3o das visitas de alto n\u00edvel das autoridades portuguesas ao pa\u00eds &#8211; como foi o caso, no m\u00eas passado, do ministro de Estado e dos Neg\u00f3cios Estrangeiros, Paulo Rangel, e, agora, do ministro da Economia. <\/p>\n<p id=\"block-5\">&#8220;Isto mostra que esta base est\u00e1 a construir algo grande para o futuro. \u00c9 um trabalho \u00e1rduo e vai levar algum tempo, mas tudo se est\u00e1 a conjugar nesse sentido&#8221;, considerou o empres\u00e1rio.<\/p>\n<p id=\"block-6\">O respons\u00e1vel saudita lembrou que Portugal &#8211; juntamente com Espanha e Marrocos &#8211; organiza o campeonato mundial de futebol em 2030 e, quatro anos depois, ser\u00e1 a Ar\u00e1bia Saudita a assumir essa tarefa.<\/p>\n<p id=\"block-7\">&#8220;Este \u00e9 o momento para lan\u00e7ar o turismo&#8221;, salientou. <\/p>\n<p id=\"block-8\">No mesmo sentido, o presidente do Conselho Empresarial Portugal-Ar\u00e1bia Saudita, Ab\u00edlio Alag\u00f4a da Silva, destacou \u00e0 Lusa as oportunidades de neg\u00f3cio para as empresas portuguesas neste pa\u00eds do M\u00e9dio Oriente.<\/p>\n<p id=\"block-9\">&#8220;Os pr\u00f3ximos 10 anos v\u00e3o ser de grande prosperidade&#8221; na Ar\u00e1bia Saudita, defendeu o empres\u00e1rio portugu\u00eas, que apontou a capacidade &#8220;transformadora&#8221; da chamada &#8216;Vis\u00e3o 2030&#8217;, um plano estrat\u00e9gico lan\u00e7ado em 2016 para diversificar a economia do pa\u00eds para al\u00e9m do petr\u00f3leo.<\/p>\n<p id=\"block-10\">Integram este plano grandes projetos como a Expo 2030; o Qiddiya, um futuro polo de entretenimento e desporto, que incluir\u00e1 o futuro est\u00e1dio e centro de treinos do Al Nassr; o parque King Salman, que dever\u00e1 tornar-se o maior parque urbano do mundo, na capital saudita; a cidade futurista NEOM ou projetos tur\u00edsticos de luxo na costa do Mar Vermelho.<\/p>\n<p id=\"block-11\">&#8220;H\u00e1 uma onda agora e temos de a aproveitar&#8221;, sustentou o empres\u00e1rio portugu\u00eas. <\/p>\n<p id=\"block-12\">Alag\u00f4a da Silva afirmou ainda que os sauditas t\u00eam &#8220;uma grande afinidade&#8221; com os portugueses.<\/p>\n<p id=\"block-13\">Portugal conta ainda, neste pa\u00eds, com um &#8220;embaixador&#8221; informal: o futebolista Cristiano Ronaldo, atualmente a jogar na equipa saudita Al Nassr.<\/p>\n<p id=\"block-14\">&#8220;Ele fez muito pela aproxima\u00e7\u00e3o dos dois pa\u00edses. N\u00f3s adoramo-lo e j\u00e1 o vemos como um saudita&#8221;, disse o empres\u00e1rio saudita. <\/p>\n<p id=\"block-15\">Riade acolhe hoje um f\u00f3rum de neg\u00f3cios e investimento, com a presen\u00e7a do ministro portugu\u00eas e do hom\u00f3logo saudita, Faisal bin Fadhil Alibrahim, em que participam cerca de 50 empresas portuguesas e mais de 200 sauditas.<\/p>\n<p id=\"block-16\">No \u00e2mbito deste encontro, ser\u00e3o assinados 15 memorandos de entendimento em diferentes setores da economia.<\/p>\n<p id=\"block-17\">A visita do ministro Castro Almeida inclui reuni\u00f5es bilaterais com membros do Governo saudita e a reuni\u00e3o da s\u00e9tima comiss\u00e3o mista entre Portugal e a Ar\u00e1bia Saudita. <\/p>\n","protected":false},"excerpt":{"rendered":"O presidente do conselho empresarial Ar\u00e1bia Saudita-Portugal disse hoje \u00e0 Lusa que a economia saudita est\u00e1 em forte&hellip;\n","protected":false},"author":2,"featured_media":162060,"comment_status":"","ping_status":"","sticky":false,"template":"","format":"standard","meta":{"footnotes":""},"categories":[10],"tags":[27,28,15,16,14,25,26,21,22,12,13,19,20,32,23,24,33,17,18,29,30,31],"class_list":{"0":"post-162059","1":"post","2":"type-post","3":"status-publish","4":"format-standard","5":"has-post-thumbnail","7":"category-portugal","8":"tag-breaking-news","9":"tag-breakingnews","10":"tag-featured-news","11":"tag-featurednews","12":"tag-headlines","13":"tag-latest-news","14":"tag-latestnews","15":"tag-main-news","16":"tag-mainnews","17":"tag-news","18":"tag-noticias","19":"tag-noticias-principais","20":"tag-noticiasprincipais","21":"tag-portugal","22":"tag-principais-noticias","23":"tag-principaisnoticias","24":"tag-pt","25":"tag-top-stories","26":"tag-topstories","27":"tag-ultimas","28":"tag-ultimas-noticias","29":"tag-ultimasnoticias"},"share_on_mastodon":{"url":"https:\/\/pubeurope.com\/@pt\/115598984644975705","error":""},"_links":{"self":[{"href":"https:\/\/www.europesays.com\/pt\/wp-json\/wp\/v2\/posts\/162059","targetHints":{"allow":["GET"]}}],"collection":[{"href":"https:\/\/www.europesays.com\/pt\/wp-json\/wp\/v2\/posts"}],"about":[{"href":"https:\/\/www.europesays.com\/pt\/wp-json\/wp\/v2\/types\/post"}],"author":[{"embeddable":true,"href":"https:\/\/www.europesays.com\/pt\/wp-json\/wp\/v2\/users\/2"}],"replies":[{"embeddable":true,"href":"https:\/\/www.europesays.com\/pt\/wp-json\/wp\/v2\/comments?post=162059"}],"version-history":[{"count":0,"href":"https:\/\/www.europesays.com\/pt\/wp-json\/wp\/v2\/posts\/162059\/revisions"}],"wp:featuredmedia":[{"embeddable":true,"href":"https:\/\/www.europesays.com\/pt\/wp-json\/wp\/v2\/media\/162060"}],"wp:attachment":[{"href":"https:\/\/www.europesays.com\/pt\/wp-json\/wp\/v2\/media?parent=162059"}],"wp:term":[{"taxonomy":"category","embeddable":true,"href":"https:\/\/www.europesays.com\/pt\/wp-json\/wp\/v2\/categories?post=162059"},{"taxonomy":"post_tag","embeddable":true,"href":"https:\/\/www.europesays.com\/pt\/wp-json\/wp\/v2\/tags?post=162059"}],"curies":[{"name":"wp","href":"https:\/\/api.w.org\/{rel}","templated":true}]}}