{"id":162067,"date":"2025-11-23T12:28:11","date_gmt":"2025-11-23T12:28:11","guid":{"rendered":"https:\/\/www.europesays.com\/pt\/162067\/"},"modified":"2025-11-23T12:28:11","modified_gmt":"2025-11-23T12:28:11","slug":"video-joao-neves-marca-nuno-mendes-assiste-e-psg-segura-lideranca","status":"publish","type":"post","link":"https:\/\/www.europesays.com\/pt\/162067\/","title":{"rendered":"V\u00cdDEO: Jo\u00e3o Neves marca, Nuno Mendes assiste e PSG segura lideran\u00e7a"},"content":{"rendered":"<p>Depois da ultrapassagem de Marselha e Lens, que entraram em campo mais cedo <a href=\"https:\/\/maisfutebol.iol.pt\/resultadoseclassificacoes\/88\/franca\/ligue-1\" rel=\"nofollow noopener\" target=\"_blank\"><strong>na jornada 13 da Liga francesa<\/strong><\/a>, o Paris Saint-Germain reclamou o trono da competi\u00e7\u00e3o ao <a href=\"https:\/\/maisfutebol.iol.pt\/jogo\/psg\/la-havre\/13826399\" rel=\"nofollow noopener\" target=\"_blank\"><strong>bater em casa o Le Havre por 3-0<\/strong><\/a>, num jogo em que Nuno Mendes (de regresso ap\u00f3s les\u00e3o) fez uma assist\u00eancia e Jo\u00e3o Neves manteve a veia goleadora.<\/p>\n<p>O lateral-esquerdo, que tinha ficado de fora dos \u00faltimos compromissos da Sele\u00e7\u00e3o Nacional, serviu Lee Kan-in para o 1-0 dos parisienses em cima da meia hora de jogo.<\/p>\n<blockquote class=\"twitter-tweet\" data-media-max-width=\"560\">\n<p lang=\"pt\">Nuno Mendes assistiu o primeiro golo do PSG \ud83c\uddf5\ud83c\uddf9<a href=\"https:\/\/twitter.com\/hashtag\/sporttvportugal?src=hash&amp;ref_src=twsrc%5Etfw\" rel=\"nofollow noopener\" target=\"_blank\">#sporttvportugal<\/a> <a href=\"https:\/\/twitter.com\/hashtag\/Ligue1?src=hash&amp;ref_src=twsrc%5Etfw\" rel=\"nofollow noopener\" target=\"_blank\">#Ligue1<\/a> <a href=\"https:\/\/twitter.com\/hashtag\/PSG?src=hash&amp;ref_src=twsrc%5Etfw\" rel=\"nofollow noopener\" target=\"_blank\">#PSG<\/a> <a href=\"https:\/\/twitter.com\/hashtag\/LeHavre?src=hash&amp;ref_src=twsrc%5Etfw\" rel=\"nofollow noopener\" target=\"_blank\">#LeHavre<\/a> <a href=\"https:\/\/t.co\/l9RZTGujNF\" rel=\"nofollow\">pic.twitter.com\/l9RZTGujNF<\/a><\/p>\n<p> \u2014 sport tv (@sporttvportugal)<br \/>\n  <a href=\"https:\/\/twitter.com\/sporttvportugal\/status\/1992331985000255843?ref_src=twsrc%5Etfw\" rel=\"nofollow noopener\" target=\"_blank\">November 22, 2025<\/a>\n <\/p><\/blockquote>\n<p>Num jogo em que todos os portugueses do PSG foram titulares, Jo\u00e3o Neves deu conforto \u00e0 equipa da casa, ao fazer o 2-0 aos 66 minutos numa recarga oportuna de p\u00e9 esquerdo.<\/p>\n<blockquote class=\"twitter-tweet\" data-media-max-width=\"560\">\n<p lang=\"pt\">Jo\u00e3o Goleador Neves \u2744\ufe0f<a href=\"https:\/\/twitter.com\/hashtag\/sporttvportugal?src=hash&amp;ref_src=twsrc%5Etfw\" rel=\"nofollow noopener\" target=\"_blank\">#sporttvportugal<\/a> <a href=\"https:\/\/twitter.com\/hashtag\/Ligue1?src=hash&amp;ref_src=twsrc%5Etfw\" rel=\"nofollow noopener\" target=\"_blank\">#Ligue1<\/a> <a href=\"https:\/\/twitter.com\/hashtag\/PSG?src=hash&amp;ref_src=twsrc%5Etfw\" rel=\"nofollow noopener\" target=\"_blank\">#PSG<\/a> <a href=\"https:\/\/twitter.com\/hashtag\/LeHavre?src=hash&amp;ref_src=twsrc%5Etfw\" rel=\"nofollow noopener\" target=\"_blank\">#LeHavre<\/a> <a href=\"https:\/\/t.co\/SJ9dGLwTCL\" rel=\"nofollow\">pic.twitter.com\/SJ9dGLwTCL<\/a><\/p>\n<p> \u2014 sport tv (@sporttvportugal)<br \/>\n  <a href=\"https:\/\/twitter.com\/sporttvportugal\/status\/1992345591993520219?ref_src=twsrc%5Etfw\" rel=\"nofollow noopener\" target=\"_blank\">November 22, 2025<\/a>\n <\/p><\/blockquote>\n<p>Barcola, que come\u00e7ou o jogo no banco, fez o 3-0 aos 87 minutos.<\/p>\n<p>O Paris Saint-Germain tem agora 30 pontos na Liga francesa, mais dois do que Marselha e Lens.<\/p>\n<p>                                <script async src=\"https:\/\/platform.twitter.com\/widgets.js\" charset=\"utf-8\"><\/script><\/p>\n","protected":false},"excerpt":{"rendered":"Depois da ultrapassagem de Marselha e Lens, que entraram em campo mais cedo na jornada 13 da Liga&hellip;\n","protected":false},"author":2,"featured_media":162068,"comment_status":"","ping_status":"","sticky":false,"template":"","format":"standard","meta":{"footnotes":""},"categories":[87],"tags":[135,208,7266,82,8374,9205,436,46,9523,32,1758,33,47,134,7331],"class_list":{"0":"post-162067","1":"post","2":"type-post","3":"status-publish","4":"format-standard","5":"has-post-thumbnail","7":"category-desporto","8":"tag-desporto","9":"tag-franca","10":"tag-goncalo-ramos","11":"tag-internacional","12":"tag-joao-neves","13":"tag-liga-francesa","14":"tag-made-in","15":"tag-maisfutebol","16":"tag-nuno-mendes","17":"tag-portugal","18":"tag-psg","19":"tag-pt","20":"tag-pura-paixao","21":"tag-sports","22":"tag-vitinha"},"share_on_mastodon":{"url":"","error":""},"_links":{"self":[{"href":"https:\/\/www.europesays.com\/pt\/wp-json\/wp\/v2\/posts\/162067","targetHints":{"allow":["GET"]}}],"collection":[{"href":"https:\/\/www.europesays.com\/pt\/wp-json\/wp\/v2\/posts"}],"about":[{"href":"https:\/\/www.europesays.com\/pt\/wp-json\/wp\/v2\/types\/post"}],"author":[{"embeddable":true,"href":"https:\/\/www.europesays.com\/pt\/wp-json\/wp\/v2\/users\/2"}],"replies":[{"embeddable":true,"href":"https:\/\/www.europesays.com\/pt\/wp-json\/wp\/v2\/comments?post=162067"}],"version-history":[{"count":0,"href":"https:\/\/www.europesays.com\/pt\/wp-json\/wp\/v2\/posts\/162067\/revisions"}],"wp:featuredmedia":[{"embeddable":true,"href":"https:\/\/www.europesays.com\/pt\/wp-json\/wp\/v2\/media\/162068"}],"wp:attachment":[{"href":"https:\/\/www.europesays.com\/pt\/wp-json\/wp\/v2\/media?parent=162067"}],"wp:term":[{"taxonomy":"category","embeddable":true,"href":"https:\/\/www.europesays.com\/pt\/wp-json\/wp\/v2\/categories?post=162067"},{"taxonomy":"post_tag","embeddable":true,"href":"https:\/\/www.europesays.com\/pt\/wp-json\/wp\/v2\/tags?post=162067"}],"curies":[{"name":"wp","href":"https:\/\/api.w.org\/{rel}","templated":true}]}}