{"id":162077,"date":"2025-11-23T12:45:28","date_gmt":"2025-11-23T12:45:28","guid":{"rendered":"https:\/\/www.europesays.com\/pt\/162077\/"},"modified":"2025-11-23T12:45:28","modified_gmt":"2025-11-23T12:45:28","slug":"australiano-que-avancou-na-direcao-de-ariana-grande-vai-para-a-prisao","status":"publish","type":"post","link":"https:\/\/www.europesays.com\/pt\/162077\/","title":{"rendered":"Australiano que avan\u00e7ou na dire\u00e7\u00e3o de Ariana Grande vai para a pris\u00e3o"},"content":{"rendered":"<p class=\"texto\">Um tribunal em Singapura condenou nesta segunda-feira (17\/11) um australiano a nove dias de pris\u00e3o por ter <a href=\"https:\/\/www.correiobraziliense.com.br\/colunistas\/mariana-morais\/2025\/11\/7291739-fa-ataca-ariana-grande-que-e-defendida-por-cynthia-erivo-veja.html\" target=\"_blank\" rel=\"nofollow noopener\">avan\u00e7ado sobre a estrela de cinema Ariana Grande<\/a> durante a estreia asi\u00e1tica do filme &#8220;Wicked: Parte II&#8221; na semana passada.<\/p>\n<p class=\"texto\">A diva pop e outras celebridades estavam presentes na apresenta\u00e7\u00e3o quando o homem, identificado nos documentos judiciais como Johnson Wen, de 26 anos, pulou uma cerca e correu em dire\u00e7\u00e3o a ela.<\/p>\n<p class=\"texto\">V\u00eddeos que viralizaram mostram o homem envolvendo Ariana Grande, visivelmente surpresa, com seu bra\u00e7o, enquanto sua coprotagonista, Cynthia Erivo, corre para defend\u00ea-la.<\/p>\n<p class=\"texto\">Wen, que \u00e9 suspeito de ter perturbado outros eventos esportivos e shows internacionais no passado, &#8220;mostrou um padr\u00e3o de comportamento que sugere que ele far\u00e1 isso novamente&#8221;, declarou o juiz Christopher Goh antes de proferir a senten\u00e7a.<\/p>\n<p class=\"texto\">Grande, de 32 anos, come\u00e7ou sua carreira como adolescente na Broadway antes de embarcar em uma trajet\u00f3ria de sucesso como estrela do pop.<\/p>\n<p class=\"texto\">Em 2017, um de seus shows foi alvo de um atentado. O ataque na Manchester Arena deixou 22 mortos, mais de mil feridos e a cantora sofreu transtorno de estresse p\u00f3s-traum\u00e1tico.<\/p>\n<ul>\n<li><a href=\"https:\/\/wa.me\/?text=Australiano+que+avan%C3%A7ou+na+dire%C3%A7%C3%A3o+de+Ariana+Grande+vai+para+a+pris%C3%A3o%20https:\/\/www.correiobraziliense.com.br\/diversao-e-arte\/2025\/11\/7293935-australiano-que-avancou-na-direcao-de-ariana-grande-vai-para-a-prisao.html\" target=\"_blank\" title=\"Whatsapp\" aria-label=\"WhatsApp\" rel=\"nofollow noopener\"><\/a><\/li>\n<li><a href=\"https:\/\/www.facebook.com\/sharer.php?u=https:\/\/www.correiobraziliense.com.br%2Fdiversao-e-arte%2F2025%2F11%2F7293935-australiano-que-avancou-na-direcao-de-ariana-grande-vai-para-a-prisao.html&amp;text=Australiano+que+avan%C3%A7ou+na+dire%C3%A7%C3%A3o+de+Ariana+Grande+vai+para+a+pris%C3%A3o\" target=\"_blank\" title=\"Facebook\" aria-label=\"Facebook\" rel=\"nofollow noopener\"><\/a><\/li>\n<li><a href=\"https:\/\/twitter.com\/intent\/tweet?url=https:\/\/www.correiobraziliense.com.br%2Fdiversao-e-arte%2F2025%2F11%2F7293935-australiano-que-avancou-na-direcao-de-ariana-grande-vai-para-a-prisao.html&amp;text=Australiano+que+avan%C3%A7ou+na+dire%C3%A7%C3%A3o+de+Ariana+Grande+vai+para+a+pris%C3%A3o\" target=\"_blank\" title=\"Twitter\" aria-label=\"Twitter\" rel=\"nofollow noopener\"><\/a><\/li>\n<li><a href=\"https:\/\/profile.google.com\/cp\/CgovbS8wNzZ0dms1\" title=\"Google Discover\" target=\"_blank\" aria-label=\"Google Discover\" rel=\"nofollow noopener\"><img decoding=\"async\" src=\"https:\/\/www.europesays.com\/pt\/wp-content\/uploads\/2025\/11\/1762975755_52_google-discover-icon.png\" style=\"height: 25px; margin: 0 !important; margin-left: 3px;\" alt=\"Google Discover Icon\"\/><\/a><\/li>\n<\/ul>\n<p>                          <script async src=\"https:\/\/platform.twitter.com\/widgets.js\" charset=\"utf-8\"><\/script><\/p>\n","protected":false},"excerpt":{"rendered":"Um tribunal em Singapura condenou nesta segunda-feira (17\/11) um australiano a nove dias de pris\u00e3o por ter avan\u00e7ado&hellip;\n","protected":false},"author":2,"featured_media":162078,"comment_status":"","ping_status":"","sticky":false,"template":"","format":"standard","meta":{"footnotes":""},"categories":[141],"tags":[34437,114,115,149,150,32,33,2319],"class_list":{"0":"post-162077","1":"post","2":"type-post","3":"status-publish","4":"format-standard","5":"has-post-thumbnail","7":"category-musica","8":"tag-ariane-grande","9":"tag-entertainment","10":"tag-entretenimento","11":"tag-music","12":"tag-musica","13":"tag-portugal","14":"tag-pt","15":"tag-singapura"},"share_on_mastodon":{"url":"https:\/\/pubeurope.com\/@pt\/115599083498887835","error":""},"_links":{"self":[{"href":"https:\/\/www.europesays.com\/pt\/wp-json\/wp\/v2\/posts\/162077","targetHints":{"allow":["GET"]}}],"collection":[{"href":"https:\/\/www.europesays.com\/pt\/wp-json\/wp\/v2\/posts"}],"about":[{"href":"https:\/\/www.europesays.com\/pt\/wp-json\/wp\/v2\/types\/post"}],"author":[{"embeddable":true,"href":"https:\/\/www.europesays.com\/pt\/wp-json\/wp\/v2\/users\/2"}],"replies":[{"embeddable":true,"href":"https:\/\/www.europesays.com\/pt\/wp-json\/wp\/v2\/comments?post=162077"}],"version-history":[{"count":0,"href":"https:\/\/www.europesays.com\/pt\/wp-json\/wp\/v2\/posts\/162077\/revisions"}],"wp:featuredmedia":[{"embeddable":true,"href":"https:\/\/www.europesays.com\/pt\/wp-json\/wp\/v2\/media\/162078"}],"wp:attachment":[{"href":"https:\/\/www.europesays.com\/pt\/wp-json\/wp\/v2\/media?parent=162077"}],"wp:term":[{"taxonomy":"category","embeddable":true,"href":"https:\/\/www.europesays.com\/pt\/wp-json\/wp\/v2\/categories?post=162077"},{"taxonomy":"post_tag","embeddable":true,"href":"https:\/\/www.europesays.com\/pt\/wp-json\/wp\/v2\/tags?post=162077"}],"curies":[{"name":"wp","href":"https:\/\/api.w.org\/{rel}","templated":true}]}}