{"id":162081,"date":"2025-11-23T12:47:10","date_gmt":"2025-11-23T12:47:10","guid":{"rendered":"https:\/\/www.europesays.com\/pt\/162081\/"},"modified":"2025-11-23T12:47:10","modified_gmt":"2025-11-23T12:47:10","slug":"real-madrid-homenageia-diogo-jota-e-andre-silva-mas-comete-erro-lamentavel","status":"publish","type":"post","link":"https:\/\/www.europesays.com\/pt\/162081\/","title":{"rendered":"Real Madrid homenageia Diogo Jota e Andr\u00e9 Silva, mas comete erro lament\u00e1vel"},"content":{"rendered":"<p>O <a target=\"_blank\" class=\"editor-link autolink-enabled\" href=\"https:\/\/www.abola.pt\/futebol\/real-madrid-204\" data-resource-id=\"204\" data-resource-type=\"team\" data-sport=\"football\" rel=\"nofollow noopener\">Real Madrid<\/a> cometeu um erro grave e lament\u00e1vel durante a Assembleia-Geral que decorre este domingo. Durante uma homenagem emotiva feita a <a target=\"_blank\" class=\"editor-link autolink-enabled\" href=\"https:\/\/www.abola.pt\/futebol\/jogador\/diogo-jota-8496\" data-resource-id=\"8496\" data-resource-type=\"player\" data-sport=\"football\" rel=\"nofollow noopener\">Diogo Jota<\/a> e ao irm\u00e3o, Andr\u00e9 Silva, os merengues partilharam uma imagem com dois futebolistas, mas com um erro evidente.<\/p>\n<p>Os blancos colocaram Andr\u00e9 Silva na fotografia, mas n\u00e3o o irm\u00e3o de <a class=\"autolink-enabled\" data-resource-id=\"8496\" data-resource-type=\"player\" data-sport=\"football\" href=\"https:\/\/www.abola.pt\/futebol\/jogador\/diogo-jota-8496\" rel=\"nofollow noopener\" target=\"_blank\">Diogo Jota<\/a>, mas sim o avan\u00e7ado do <a class=\"autolink-enabled\" data-resource-id=\"213\" data-resource-type=\"team\" data-sport=\"football\" href=\"https:\/\/www.abola.pt\/futebol\/elche-213\" rel=\"nofollow noopener\" target=\"_blank\">Elche<\/a>, advers\u00e1rio deste domingo na <a class=\"autolink-enabled\" data-resource-id=\"5\" data-resource-type=\"competition\" data-sport=\"football\" href=\"https:\/\/www.abola.pt\/futebol\/competicao\/laliga-5\" rel=\"nofollow noopener\" target=\"_blank\">LaLiga<\/a>, na 13.\u00aa jornada.\u00a0<\/p>\n<p>\t\t<img decoding=\"async\" src=\"https:\/\/www.europesays.com\/pt\/wp-content\/uploads\/2025\/11\/1763902030_535_thumbs.web.sapo.io\"  loading=\"true\"\/><\/p>\n<p>                        Real Madrid trocou imagem de Andr\u00e9 Silva<\/p>\n<p>Nas redes sociais, o <a class=\"autolink-enabled\" data-resource-id=\"204\" data-resource-type=\"team\" data-sport=\"football\" href=\"https:\/\/www.abola.pt\/futebol\/real-madrid-204\" rel=\"nofollow noopener\" target=\"_blank\">Real Madrid<\/a> retratou-se e pediu desculpa.\u00a0<\/p>\n<p>\u00abO <a class=\"autolink-enabled\" data-resource-id=\"204\" data-resource-type=\"team\" data-sport=\"football\" href=\"https:\/\/www.abola.pt\/futebol\/real-madrid-204\" rel=\"nofollow noopener\" target=\"_blank\">Real Madrid<\/a> pede desculpas ao <a class=\"autolink-enabled\" data-resource-id=\"213\" data-resource-type=\"team\" data-sport=\"football\" href=\"https:\/\/www.abola.pt\/futebol\/elche-213\" rel=\"nofollow noopener\" target=\"_blank\">Elche<\/a> e ao seu jogador <a class=\"autolink-enabled\" data-resource-id=\"8615\" data-resource-type=\"player\" data-sport=\"football\" href=\"https:\/\/www.abola.pt\/futebol\/jogador\/andre-silva-8615\" rel=\"nofollow noopener\" target=\"_blank\">Andr\u00e9 Silva<\/a> por ter inclu\u00eddo por engano, no obitu\u00e1rio de um v\u00eddeo institucional, a sua imagem em vez da de Andr\u00e9 Silva, irm\u00e3o de Diogo Jota, jogador do <a class=\"autolink-enabled\" data-resource-id=\"92\" data-resource-type=\"team\" data-sport=\"football\" href=\"https:\/\/www.abola.pt\/futebol\/liverpool-92\" rel=\"nofollow noopener\" target=\"_blank\">Liverpool<\/a>. Lamentamos o ocorrido\u00bb, pode ler-se.\u00a0<\/p>\n<p><a target=\"_blank\" class=\"editor-link\" href=\"https:\/\/profile.google.com\/cp\/CgkvbS8wNWNjOHQ?pf=0\" rel=\"nofollow noopener\">Siga o perfil de A BOLA no Google<\/a><\/p>\n","protected":false},"excerpt":{"rendered":"O Real Madrid cometeu um erro grave e lament\u00e1vel durante a Assembleia-Geral que decorre este domingo. Durante uma&hellip;\n","protected":false},"author":2,"featured_media":162082,"comment_status":"","ping_status":"","sticky":false,"template":"","format":"standard","meta":{"footnotes":""},"categories":[87],"tags":[135,32,33,134],"class_list":{"0":"post-162081","1":"post","2":"type-post","3":"status-publish","4":"format-standard","5":"has-post-thumbnail","7":"category-desporto","8":"tag-desporto","9":"tag-portugal","10":"tag-pt","11":"tag-sports"},"share_on_mastodon":{"url":"https:\/\/pubeurope.com\/@pt\/115599091181080026","error":""},"_links":{"self":[{"href":"https:\/\/www.europesays.com\/pt\/wp-json\/wp\/v2\/posts\/162081","targetHints":{"allow":["GET"]}}],"collection":[{"href":"https:\/\/www.europesays.com\/pt\/wp-json\/wp\/v2\/posts"}],"about":[{"href":"https:\/\/www.europesays.com\/pt\/wp-json\/wp\/v2\/types\/post"}],"author":[{"embeddable":true,"href":"https:\/\/www.europesays.com\/pt\/wp-json\/wp\/v2\/users\/2"}],"replies":[{"embeddable":true,"href":"https:\/\/www.europesays.com\/pt\/wp-json\/wp\/v2\/comments?post=162081"}],"version-history":[{"count":0,"href":"https:\/\/www.europesays.com\/pt\/wp-json\/wp\/v2\/posts\/162081\/revisions"}],"wp:featuredmedia":[{"embeddable":true,"href":"https:\/\/www.europesays.com\/pt\/wp-json\/wp\/v2\/media\/162082"}],"wp:attachment":[{"href":"https:\/\/www.europesays.com\/pt\/wp-json\/wp\/v2\/media?parent=162081"}],"wp:term":[{"taxonomy":"category","embeddable":true,"href":"https:\/\/www.europesays.com\/pt\/wp-json\/wp\/v2\/categories?post=162081"},{"taxonomy":"post_tag","embeddable":true,"href":"https:\/\/www.europesays.com\/pt\/wp-json\/wp\/v2\/tags?post=162081"}],"curies":[{"name":"wp","href":"https:\/\/api.w.org\/{rel}","templated":true}]}}