{"id":162093,"date":"2025-11-23T13:02:10","date_gmt":"2025-11-23T13:02:10","guid":{"rendered":"https:\/\/www.europesays.com\/pt\/162093\/"},"modified":"2025-11-23T13:02:10","modified_gmt":"2025-11-23T13:02:10","slug":"abel-ferreira-volta-a-perder-pontos-e-ve-o-titulo-do-brasileirao-mais-longe","status":"publish","type":"post","link":"https:\/\/www.europesays.com\/pt\/162093\/","title":{"rendered":"Abel Ferreira volta a perder pontos e v\u00ea o t\u00edtulo do Brasileir\u00e3o mais longe"},"content":{"rendered":"<p>Numa exibi\u00e7\u00e3o ap\u00e1tica e pouco inspirada, o <a target=\"_blank\" class=\"editor-link autolink-enabled\" href=\"https:\/\/www.abola.pt\/futebol\/palmeiras-174\" data-resource-id=\"174\" data-resource-type=\"team\" data-sport=\"football\" rel=\"nofollow noopener\">Palmeiras<\/a> n\u00e3o conseguiu mais do que um empate sem golos na rece\u00e7\u00e3o ao <a target=\"_blank\" class=\"editor-link autolink-enabled\" href=\"https:\/\/www.abola.pt\/futebol\/fluminense-179\" data-resource-id=\"179\" data-resource-type=\"team\" data-sport=\"football\" rel=\"nofollow noopener\">Fluminense<\/a>, complicando seriamente as aspira\u00e7\u00f5es ao t\u00edtulo. A equipa de Abel Ferreira est\u00e1 agora a quatro pontos do l\u00edder <a target=\"_blank\" class=\"editor-link autolink-enabled\" href=\"https:\/\/www.abola.pt\/futebol\/flamengo-175\" data-resource-id=\"175\" data-resource-type=\"team\" data-sport=\"football\" rel=\"nofollow noopener\">Flamengo<\/a>, &#8211; que cumpriu e venceu o Bragantino por 3-0-  numa altura em que n\u00e3o vence h\u00e1 quatro jogos (duas derrotas e dois empates) e n\u00e3o marca h\u00e1 tr\u00eas.<\/p>\n<p>A quebra de rendimento do Palmeiras surge num momento crucial da \u00e9poca e levanta preocupa\u00e7\u00f5es sobre a possibilidade de terminar mais um ano sem conquistar t\u00edtulos.<\/p>\n<p>Com este resultado, o Palmeiras fica a quatro pontos do l\u00edder <a target=\"_blank\" class=\"editor-link autolink-enabled\" href=\"https:\/\/www.abola.pt\/futebol\/flamengo-175\" data-resource-id=\"175\" data-resource-type=\"team\" data-sport=\"football\" rel=\"nofollow noopener\">Flamengo<\/a>, quando faltam apenas tr\u00eas jornadas para o fim do campeonato, somando agora 70 pontos. Por sua vez, o <a target=\"_blank\" class=\"editor-link autolink-enabled\" href=\"https:\/\/www.abola.pt\/futebol\/fluminense-179\" data-resource-id=\"179\" data-resource-type=\"team\" data-sport=\"football\" rel=\"nofollow noopener\">Fluminense<\/a>, com 55 pontos, mant\u00e9m o sexto lugar e est\u00e1 muito perto de assegurar a qualifica\u00e7\u00e3o para a pr\u00f3xima Ta\u00e7a dos <a target=\"_blank\" class=\"editor-link autolink-enabled\" href=\"https:\/\/www.abola.pt\/futebol\/competicao\/copa-libertadores-35\" data-resource-id=\"35\" data-resource-type=\"competition\" data-sport=\"football\" rel=\"nofollow noopener\">Libertadores<\/a>.<\/p>\n<p><a target=\"_blank\" class=\"editor-link\" href=\"https:\/\/profile.google.com\/cp\/CgkvbS8wNWNjOHQ?pf=0\" rel=\"nofollow noopener\">Siga o perfil de A BOLA no Google<\/a><\/p>\n","protected":false},"excerpt":{"rendered":"Numa exibi\u00e7\u00e3o ap\u00e1tica e pouco inspirada, o Palmeiras n\u00e3o conseguiu mais do que um empate sem golos na&hellip;\n","protected":false},"author":2,"featured_media":162094,"comment_status":"","ping_status":"","sticky":false,"template":"","format":"standard","meta":{"footnotes":""},"categories":[87],"tags":[135,32,33,134],"class_list":{"0":"post-162093","1":"post","2":"type-post","3":"status-publish","4":"format-standard","5":"has-post-thumbnail","7":"category-desporto","8":"tag-desporto","9":"tag-portugal","10":"tag-pt","11":"tag-sports"},"share_on_mastodon":{"url":"https:\/\/pubeurope.com\/@pt\/115599149987683346","error":""},"_links":{"self":[{"href":"https:\/\/www.europesays.com\/pt\/wp-json\/wp\/v2\/posts\/162093","targetHints":{"allow":["GET"]}}],"collection":[{"href":"https:\/\/www.europesays.com\/pt\/wp-json\/wp\/v2\/posts"}],"about":[{"href":"https:\/\/www.europesays.com\/pt\/wp-json\/wp\/v2\/types\/post"}],"author":[{"embeddable":true,"href":"https:\/\/www.europesays.com\/pt\/wp-json\/wp\/v2\/users\/2"}],"replies":[{"embeddable":true,"href":"https:\/\/www.europesays.com\/pt\/wp-json\/wp\/v2\/comments?post=162093"}],"version-history":[{"count":0,"href":"https:\/\/www.europesays.com\/pt\/wp-json\/wp\/v2\/posts\/162093\/revisions"}],"wp:featuredmedia":[{"embeddable":true,"href":"https:\/\/www.europesays.com\/pt\/wp-json\/wp\/v2\/media\/162094"}],"wp:attachment":[{"href":"https:\/\/www.europesays.com\/pt\/wp-json\/wp\/v2\/media?parent=162093"}],"wp:term":[{"taxonomy":"category","embeddable":true,"href":"https:\/\/www.europesays.com\/pt\/wp-json\/wp\/v2\/categories?post=162093"},{"taxonomy":"post_tag","embeddable":true,"href":"https:\/\/www.europesays.com\/pt\/wp-json\/wp\/v2\/tags?post=162093"}],"curies":[{"name":"wp","href":"https:\/\/api.w.org\/{rel}","templated":true}]}}