{"id":162105,"date":"2025-11-23T13:17:19","date_gmt":"2025-11-23T13:17:19","guid":{"rendered":"https:\/\/www.europesays.com\/pt\/162105\/"},"modified":"2025-11-23T13:17:19","modified_gmt":"2025-11-23T13:17:19","slug":"o-sporting-teve-os-pes-de-cristal-de-francisco-trincao-para-estilhacar-o-marinhense","status":"publish","type":"post","link":"https:\/\/www.europesays.com\/pt\/162105\/","title":{"rendered":"O Sporting teve os p\u00e9s de cristal de Francisco Trinc\u00e3o para estilha\u00e7ar o Marinhense"},"content":{"rendered":"<p>Entre os sub-7 e os sub-23, Gon\u00e7alo Batalha carregou o sonho de representar a equipa principal do Sporting e tamb\u00e9m a bra\u00e7adeira de capit\u00e3o. Representou os le\u00f5es em todos os escal\u00f5es de forma\u00e7\u00e3o, mas quando a peneira filtrou os jogadores a terem oportunidade de se estrear na equipa principal, a escolha recaiu sobre outros.<\/p>\n<p>N\u00e3o \u00e9 preciso apoiar o Sporting para sentir arrepios ao ouvir \u201cO Mundo Sabe Que\u201d. No caso de algu\u00e9m que passou a juventude a ser programado para se emocionar no momento em que as equipas entram em campo e as colunas ambientam Alvalade com essa m\u00fasica, a tontura emocional \u00e9 ainda mais forte.<\/p>\n<p>A Ta\u00e7a de Portugal \u00e9 uma esp\u00e9cie de carta que os jogadores de futebol escrevem ao Pai Natal com uma lista de pedidos que esperam ver realizados. O jogador de 23 anos foi um dos contemplados com a concretiza\u00e7\u00e3o de um desejo. A \u00fanica diferen\u00e7a em rela\u00e7\u00e3o ao que projetou na inf\u00e2ncia foi que a camisola utilizada foi a do Marinhense.<\/p>\n<p>Ainda recebeu o carinho da bancada que lhe endere\u00e7ou uma tarja: \u201cLe\u00e3o da forma\u00e7\u00e3o, o eterno capit\u00e3o.\u201d Pouco mais do que o enriquecimento pessoal os jogadores do clube do Campeonato de Portugal, o quarto escal\u00e3o do futebol nacional, podiam sorver de uma ida a casa dos bicampe\u00f5es nacionais.<\/p>\n<p>Gualter Fatia<\/p>\n<p>O parlapi\u00e9 habitual do vou escolher a melhor equipa para enfrentar o jogo resultou num Sporting mascarado de algo que n\u00e3o a vers\u00e3o mais forte dos le\u00f5es. O conjunto verde e branco deixou no onze apenas um habitual titular, talvez o melhor de todos eles. A Marinha Grande pode ser a capital do vidro, mas Francisco Trinc\u00e3o \u00e9 que cal\u00e7a chuteiras de cristal. Em movimentos constantes para n\u00e3o congelar, a delicadeza do Sr. Engenhocas do Sporting desbloqueou a fechadura com um clipe.<\/p>\n<p>A semana do Marinhense n\u00e3o foi de sonho. Ao Sindicato dos Jogadores chegou uma den\u00fancia an\u00f3nima que dava conta de \u201cabusos psicol\u00f3gicos\u201d do treinador, Rui Sacramento, para com o plantel. O t\u00e9cnico foi suspenso e rendido por Renato Sousa, anteriormente nos sub-19. Estrategicamente, pouco mais foi poss\u00edvel do que arquitetar uma estrutura em 5X4X1 que impedisse uma chuva de golos.<\/p>\n<p>O flanco direito foi aquele que deu mais esperan\u00e7as ao Sporting de desmembrar a organiza\u00e7\u00e3o do Marinhense. Salvador Blopa era empurrado para a frente pelo posicionamento interior de Vagiannidis. Aos 18 anos, soube ser multidirecional e n\u00e3o olhar apenas em frente, onde a muralha, por vezes, o impedia de avan\u00e7ar. Entre tantas outras, Kochorashvili entregou-lhe uma bola mesmo a jeito do cruzamento. Com suavidade, assistiu para o desvio de cabe\u00e7a de Francisco Trinc\u00e3o.<\/p>\n<p>Sem os companheiros habituais no ataque, Pedro Gon\u00e7alves e Luis Su\u00e1rez, o extremo foi distribuindo passes, rece\u00e7\u00f5es orientadas e remates com doses exageradas de a\u00e7\u00facar. A coloca\u00e7\u00e3o de um tiro de fora da grande \u00e1rea almofadou o Sporting para o resto do encontro.<\/p>\n<p>Gualter Fatia<\/p>\n<p>Naturalmente, o Marinhense foi uma equipa fr\u00e1gil. Ali\u00e1s, a clav\u00edcula de Ryan Omrani teve que ser reposta depois de um lan\u00e7amento lateral em que o bra\u00e7o do israelita quase se desprendia. O Sporting aproveitou. Por parte de Rodrigo Ribeiro houve ast\u00facia, mas pouca efic\u00e1cia perante Ohoulo Framelin. Do mesmo se pode queixar Alisson, a violar a privacidade da barra que estava sossegada antes da perturba\u00e7\u00e3o.<\/p>\n<p>O Marinhense ia percebendo que o Sporting n\u00e3o era propriamente o Samora Correia, o Mosteirense ou o Anadia. Na segunda parte, entrou em campo o Secret\u00e1rio de Estado. Explica\u00e7\u00e3o: Costinha dos vidreiros \u00e9 filho de Costinha, o Ministro que foi campe\u00e3o europeu pelo FC Porto. Foi mais um elemento a tentar ajudar \u00e0 conten\u00e7\u00e3o de danos.<\/p>\n<p>As substitui\u00e7\u00f5es de Rui Borges diversificaram a origem da acutil\u00e2ncia. Francisco Trinc\u00e3o foi para o repouso, mas saltaram do banco Luis Su\u00e1rez e Geovany Quenda. Com laivos de lembrete em rela\u00e7\u00e3o a quem s\u00e3o as principais figuras, a duplo combinou no lance do 3-0 anotado pelo colombiano.<\/p>\n<p>O Marinhense estava t\u00e3o estilha\u00e7ado que at\u00e9 acabou com menos um peda\u00e7o, visto que Brahima Diallo lesionou-se quando Renato Sousa j\u00e1 n\u00e3o tinha substitui\u00e7\u00f5es dispon\u00edveis. A equipa do distrito de Leiria era incapaz de se aproximar da baliza de Jo\u00e3o Virg\u00ednia e o Sporting n\u00e3o arriscou nada que pudesse permitir que tal acontecesse. Dir-se-ia que os le\u00f5es deram prioridade \u00e0 resolu\u00e7\u00e3o da eliminat\u00f3ria para depois acalmar a respira\u00e7\u00e3o. E est\u00e1 tudo bem com isso.<\/p>\n","protected":false},"excerpt":{"rendered":"Entre os sub-7 e os sub-23, Gon\u00e7alo Batalha carregou o sonho de representar a equipa principal do Sporting&hellip;\n","protected":false},"author":2,"featured_media":162106,"comment_status":"","ping_status":"","sticky":false,"template":"","format":"standard","meta":{"footnotes":""},"categories":[87],"tags":[135,32,33,134],"class_list":{"0":"post-162105","1":"post","2":"type-post","3":"status-publish","4":"format-standard","5":"has-post-thumbnail","7":"category-desporto","8":"tag-desporto","9":"tag-portugal","10":"tag-pt","11":"tag-sports"},"share_on_mastodon":{"url":"https:\/\/pubeurope.com\/@pt\/115599208886822502","error":""},"_links":{"self":[{"href":"https:\/\/www.europesays.com\/pt\/wp-json\/wp\/v2\/posts\/162105","targetHints":{"allow":["GET"]}}],"collection":[{"href":"https:\/\/www.europesays.com\/pt\/wp-json\/wp\/v2\/posts"}],"about":[{"href":"https:\/\/www.europesays.com\/pt\/wp-json\/wp\/v2\/types\/post"}],"author":[{"embeddable":true,"href":"https:\/\/www.europesays.com\/pt\/wp-json\/wp\/v2\/users\/2"}],"replies":[{"embeddable":true,"href":"https:\/\/www.europesays.com\/pt\/wp-json\/wp\/v2\/comments?post=162105"}],"version-history":[{"count":0,"href":"https:\/\/www.europesays.com\/pt\/wp-json\/wp\/v2\/posts\/162105\/revisions"}],"wp:featuredmedia":[{"embeddable":true,"href":"https:\/\/www.europesays.com\/pt\/wp-json\/wp\/v2\/media\/162106"}],"wp:attachment":[{"href":"https:\/\/www.europesays.com\/pt\/wp-json\/wp\/v2\/media?parent=162105"}],"wp:term":[{"taxonomy":"category","embeddable":true,"href":"https:\/\/www.europesays.com\/pt\/wp-json\/wp\/v2\/categories?post=162105"},{"taxonomy":"post_tag","embeddable":true,"href":"https:\/\/www.europesays.com\/pt\/wp-json\/wp\/v2\/tags?post=162105"}],"curies":[{"name":"wp","href":"https:\/\/api.w.org\/{rel}","templated":true}]}}