{"id":162130,"date":"2025-11-23T13:43:14","date_gmt":"2025-11-23T13:43:14","guid":{"rendered":"https:\/\/www.europesays.com\/pt\/162130\/"},"modified":"2025-11-23T13:43:14","modified_gmt":"2025-11-23T13:43:14","slug":"vem-ai-em-terra-forte-vivi-volta-a-trabalhar-na-acoreana-novelas","status":"publish","type":"post","link":"https:\/\/www.europesays.com\/pt\/162130\/","title":{"rendered":"Vem a\u00ed em \u00abTerra Forte\u00bb: Vivi volta a trabalhar na A\u00e7oreana &#8211; Novelas"},"content":{"rendered":"<p>Em \u00abTerra Forte\u00bb, <a href=\"https:\/\/tvi.iol.pt\/novelas\/videos\/maria-de-fatima-toma-decisao-sobre-vivi-esta-demitida\/68f8e7750cf285ab53a6b259\" rel=\"nofollow noopener\" target=\"_blank\">Vivi (Sofia Nicholson)<\/a>\u00a0diz a <a href=\"https:\/\/tvi.iol.pt\/novelas\/videos\/terra-forte-maria-de-fatima-e-manuel-tinham-um-caso\/68f65cdc0cf29d28d82976cb\" rel=\"nofollow noopener\" target=\"_blank\">Maria de F\u00e1tima (Rita Pereira)<\/a> que ela sabe bem como ela \u00e9 competente, e se ela a readmitir nunca falar\u00e1 sobre o segredo dos filhos dela serem de <a href=\"https:\/\/tvi.iol.pt\/novelas\/videos\/terra-forte-manuel-tira-toda-a-fortuna-alvaro\/68f61d3d0cf285ab53a6aafc\" rel=\"nofollow noopener\" target=\"_blank\">Manuel (Ant\u00f3nio Capelo)<\/a>. Vivi sai deixando a amea\u00e7a no ar. Maria de F\u00e1tima ordena a Moreira que chame o seu advogado por precisar de tirar <a href=\"https:\/\/tvi.iol.pt\/novelas\/videos\/terra-forte-marcus-tem-um-novo-plano-para-destruir-maria-de-fatima-e-a-acoreana\/68fa5c1f0cf29d28d8298112\" rel=\"nofollow noopener\" target=\"_blank\">Marcus (Vitor Hugo)<\/a>\u00a0j\u00e1 da cadeia, esbo\u00e7ando ar furioso.<\/p>\n<p>Vivi entra na linha de produ\u00e7\u00e3o, sorrindo saudosa em trabalhar ali. Fica surpresa por Delfina (Elsa Galv\u00e3o) j\u00e1 saber que Marcus foi detido por ter tentado agredir Maria de F\u00e1tima. Delfina sonda Vivi como vai ficar a vida da fam\u00edlia agora. Vivi vira-lhe costas irritada a dizer-lhe para se meter na sua vida.<\/p>\n<p>\u00a0<\/p>\n","protected":false},"excerpt":{"rendered":"Em \u00abTerra Forte\u00bb, Vivi (Sofia Nicholson)\u00a0diz a Maria de F\u00e1tima (Rita Pereira) que ela sabe bem como ela&hellip;\n","protected":false},"author":2,"featured_media":131102,"comment_status":"","ping_status":"","sticky":false,"template":"","format":"standard","meta":{"footnotes":""},"categories":[142],"tags":[160,166,114,115,157,167,164,8598,161,158,165,159,32,33,156,5871,3086,18614,163,151,162,28302],"class_list":{"0":"post-162130","1":"post","2":"type-post","3":"status-publish","4":"format-standard","5":"has-post-thumbnail","7":"category-tv","8":"tag-ana-guiomar","9":"tag-cristina-ferreira","10":"tag-entertainment","11":"tag-entretenimento","12":"tag-festa-e-festa","13":"tag-ficcao","14":"tag-jose-fidalgo","15":"tag-maria-de-fatima","16":"tag-novelas","17":"tag-para-sempre","18":"tag-pedro-sousa","19":"tag-pedro-teixeira","20":"tag-portugal","21":"tag-pt","22":"tag-queridos-papas","23":"tag-rita-pereira","24":"tag-sofia-nicholson","25":"tag-terra-forte","26":"tag-tiago-teotonio-pereira","27":"tag-tv","28":"tag-tvi","29":"tag-vivi"},"share_on_mastodon":{"url":"https:\/\/pubeurope.com\/@pt\/115599311060647912","error":""},"_links":{"self":[{"href":"https:\/\/www.europesays.com\/pt\/wp-json\/wp\/v2\/posts\/162130","targetHints":{"allow":["GET"]}}],"collection":[{"href":"https:\/\/www.europesays.com\/pt\/wp-json\/wp\/v2\/posts"}],"about":[{"href":"https:\/\/www.europesays.com\/pt\/wp-json\/wp\/v2\/types\/post"}],"author":[{"embeddable":true,"href":"https:\/\/www.europesays.com\/pt\/wp-json\/wp\/v2\/users\/2"}],"replies":[{"embeddable":true,"href":"https:\/\/www.europesays.com\/pt\/wp-json\/wp\/v2\/comments?post=162130"}],"version-history":[{"count":0,"href":"https:\/\/www.europesays.com\/pt\/wp-json\/wp\/v2\/posts\/162130\/revisions"}],"wp:featuredmedia":[{"embeddable":true,"href":"https:\/\/www.europesays.com\/pt\/wp-json\/wp\/v2\/media\/131102"}],"wp:attachment":[{"href":"https:\/\/www.europesays.com\/pt\/wp-json\/wp\/v2\/media?parent=162130"}],"wp:term":[{"taxonomy":"category","embeddable":true,"href":"https:\/\/www.europesays.com\/pt\/wp-json\/wp\/v2\/categories?post=162130"},{"taxonomy":"post_tag","embeddable":true,"href":"https:\/\/www.europesays.com\/pt\/wp-json\/wp\/v2\/tags?post=162130"}],"curies":[{"name":"wp","href":"https:\/\/api.w.org\/{rel}","templated":true}]}}