{"id":162169,"date":"2025-11-23T14:19:11","date_gmt":"2025-11-23T14:19:11","guid":{"rendered":"https:\/\/www.europesays.com\/pt\/162169\/"},"modified":"2025-11-23T14:19:11","modified_gmt":"2025-11-23T14:19:11","slug":"bolsonaro-assume-quebra-de-pulseira-eletronica-por-curiosidade","status":"publish","type":"post","link":"https:\/\/www.europesays.com\/pt\/162169\/","title":{"rendered":"Bolsonaro assume quebra de pulseira eletr\u00f3nica por &#8220;curiosidade&#8221;"},"content":{"rendered":"<p>&#13;<br \/>\n&#8220;Eu meti o ferro quente a\u00ed. Curiosidade&#8221;, disse Bolsonaro, de acordo com um v\u00eddeo gravado por uma agente e divulgado pelo Supremo Tribunal Federal (STF).&#13;\n<\/p>\n<p>&#13;<br \/>\nNo v\u00eddeo em causa \u00e9 poss\u00edvel verificar a danifica\u00e7\u00e3o da pulseira eletr\u00f3nica causada por queimaduras.&#13;\n<\/p>\n<p>&#13;<br \/>\nDe acordo com o relat\u00f3rio pericial, a pulseira que estava apertada ao tornozelo do ex-Presidente com o dispositivo &#8220;n\u00e3o apresentava danos&#8221; estruturais, embora tenha sido necess\u00e1rio substitu\u00ed-la por outra.&#13;\n<\/p>\n<p>&#13;<br \/>\nEntretanto, o juiz do STF Alexandre de Moraes deu um prazo de 24 horas \u00e0 defesa de Bolsonaro para explicar o comportamento do seu cliente. <\/p>\n<p>          <img decoding=\"async\" itemprop=\"image\" class=\"img-fluid\"   src=\"https:\/\/www.europesays.com\/pt\/wp-content\/uploads\/2025\/11\/a605c5bffa9048e4b9606eebc8ccb5f2_N.jpg\"\/><\/p>\n<p>&#13;<br \/>\nO ex-chefe de Estado, condenado em setembro a mais 27 anos de pris\u00e3o por tentativa de golpe de Estado, foi preso preventivamente hoje de manh\u00e3 na sua resid\u00eancia em Bras\u00edlia.&#13;\n<\/p>\n<p>&#13;<br \/>\nBolsonaro, condenado a mais 27 anos de pris\u00e3o por tentativa de golpe de Estado, encontrava-se em pris\u00e3o domicili\u00e1ria na sua casa em Bras\u00edlia quando foi detido por agentes da Pol\u00edcia Federal devido ao &#8220;risco de fuga&#8221; e a uma &#8220;amea\u00e7a \u00e0 ordem p\u00fablica&#8221;.&#13;\n<\/p>\n<p>&#13;<br \/>\n&#8220;Constata a inten\u00e7\u00e3o do condenado de romper a tornozeleira [pulseira] eletr\u00f3nica para garantir \u00eaxito em sua fuga, facilitada pela confus\u00e3o causada pela manifesta\u00e7\u00e3o convocada por seu filho&#8221;, indicou o juiz, citando a proximidade da resid\u00eancia de Bolsonaro com embaixadas estrangeiras.&#13;\n<\/p>\n<p>&#13;<br \/>\nBolsonaro encontra-se desde as 06h30 horas locais de s\u00e1bado numa sala da sede da Pol\u00edcia Federal em Bras\u00edlia, onde contar\u00e1 com casa de banho privativa, televis\u00e3o e ar condicionado, segundo meios de comunica\u00e7\u00e3o locais.&#13;\n<\/p>\n<p>&#13;<br \/>\nCondenado por tentativa de golpe de Estado, Bolsonaro ficar\u00e1 sob cust\u00f3dia num quarto de cerca de doze metros quadrados e ter\u00e1 \u00e0 sua disposi\u00e7\u00e3o assist\u00eancia m\u00e9dica 24 horas por dia devido aos seus recorrentes problemas de sa\u00fade, de acordo com a decis\u00e3o do STF.&#13;\n<\/p>\n<p>&#13;<br \/>\nEsse espa\u00e7o reservado \u00e9 conhecido como &#8220;Sala de Estado&#8221; e est\u00e1 adaptado para acolher autoridades, bem como personalidades p\u00fablicas, segundo o jornal Folha de S\u00e3o Paulo.&#13;\n<\/p>\n<p>&#13;<br \/>\nO ex-Presidente s\u00f3 poder\u00e1 receber visitas com autoriza\u00e7\u00e3o judicial pr\u00e9via e ter\u00e1 audi\u00eancia de cust\u00f3dia no domingo.&#13;\n<\/p>\n<p>&#13;<br \/>\nNa ter\u00e7a-feira, o STF divulgou o documento que rejeita os primeiros recursos apresentados pelo ex-Presidente e que oficializa a sua condena\u00e7\u00e3o a 27 anos e tr\u00eas meses por ter sido considerado culpado, entre outros crimes, de tentativa violenta de aboli\u00e7\u00e3o do Estado de direito democr\u00e1tico e golpe de Estado na sequ\u00eancia das elei\u00e7\u00f5es de 2022, que perdeu para Lula da Silva.&#13;\n<\/p>\n<p>&#13;<br \/>\nA decis\u00e3o foi publicada no Di\u00e1rio da Justi\u00e7a Eletr\u00f3nico, pelo que o prazo para os \u00faltimos recursos do antigo chefe de Estado (2019-2022) se aproxima do fim, uma vez que as defesas t\u00eam at\u00e9 domingo, dia 23 de novembro, para apresentar recurso.&#13;\n<\/p>\n<p>&#13;<br \/>\nCom a publica\u00e7\u00e3o do documento, a defesa poder\u00e1 tentar um novo recurso, embora sabendo que poder\u00e1 ser rejeitado automaticamente.&#13;\n<\/p>\n<p>&#13;<br \/>\nEm 11 de setembro, Jair Bolsonaro foi condenado a 27 anos e tr\u00eas meses de pris\u00e3o, ap\u00f3s uma maioria no Supremo Tribunal Federal ter declarado o ex-Presidente culpado por tentativa violenta de aboli\u00e7\u00e3o do Estado de direito democr\u00e1tico, golpe de Estado, participa\u00e7\u00e3o em organiza\u00e7\u00e3o criminosa armada, dano qualificado e deteriora\u00e7\u00e3o de patrim\u00f3nio.&#13;<\/p>\n","protected":false},"excerpt":{"rendered":"&#13; &#8220;Eu meti o ferro quente a\u00ed. Curiosidade&#8221;, disse Bolsonaro, de acordo com um v\u00eddeo gravado por uma&hellip;\n","protected":false},"author":2,"featured_media":162170,"comment_status":"","ping_status":"","sticky":false,"template":"","format":"standard","meta":{"footnotes":""},"categories":[50],"tags":[27,28,15,16,14,25,26,21,22,62,12,13,19,20,23,24,34446,17,18,29,30,31,63,64,65],"class_list":{"0":"post-162169","1":"post","2":"type-post","3":"status-publish","4":"format-standard","5":"has-post-thumbnail","7":"category-mundo","8":"tag-breaking-news","9":"tag-breakingnews","10":"tag-featured-news","11":"tag-featurednews","12":"tag-headlines","13":"tag-latest-news","14":"tag-latestnews","15":"tag-main-news","16":"tag-mainnews","17":"tag-mundo","18":"tag-news","19":"tag-noticias","20":"tag-noticias-principais","21":"tag-noticiasprincipais","22":"tag-principais-noticias","23":"tag-principaisnoticias","24":"tag-stf-alexandre","25":"tag-top-stories","26":"tag-topstories","27":"tag-ultimas","28":"tag-ultimas-noticias","29":"tag-ultimasnoticias","30":"tag-world","31":"tag-world-news","32":"tag-worldnews"},"share_on_mastodon":{"url":"https:\/\/pubeurope.com\/@pt\/115599452873654548","error":""},"_links":{"self":[{"href":"https:\/\/www.europesays.com\/pt\/wp-json\/wp\/v2\/posts\/162169","targetHints":{"allow":["GET"]}}],"collection":[{"href":"https:\/\/www.europesays.com\/pt\/wp-json\/wp\/v2\/posts"}],"about":[{"href":"https:\/\/www.europesays.com\/pt\/wp-json\/wp\/v2\/types\/post"}],"author":[{"embeddable":true,"href":"https:\/\/www.europesays.com\/pt\/wp-json\/wp\/v2\/users\/2"}],"replies":[{"embeddable":true,"href":"https:\/\/www.europesays.com\/pt\/wp-json\/wp\/v2\/comments?post=162169"}],"version-history":[{"count":0,"href":"https:\/\/www.europesays.com\/pt\/wp-json\/wp\/v2\/posts\/162169\/revisions"}],"wp:featuredmedia":[{"embeddable":true,"href":"https:\/\/www.europesays.com\/pt\/wp-json\/wp\/v2\/media\/162170"}],"wp:attachment":[{"href":"https:\/\/www.europesays.com\/pt\/wp-json\/wp\/v2\/media?parent=162169"}],"wp:term":[{"taxonomy":"category","embeddable":true,"href":"https:\/\/www.europesays.com\/pt\/wp-json\/wp\/v2\/categories?post=162169"},{"taxonomy":"post_tag","embeddable":true,"href":"https:\/\/www.europesays.com\/pt\/wp-json\/wp\/v2\/tags?post=162169"}],"curies":[{"name":"wp","href":"https:\/\/api.w.org\/{rel}","templated":true}]}}