{"id":162171,"date":"2025-11-23T14:20:14","date_gmt":"2025-11-23T14:20:14","guid":{"rendered":"https:\/\/www.europesays.com\/pt\/162171\/"},"modified":"2025-11-23T14:20:14","modified_gmt":"2025-11-23T14:20:14","slug":"vou-reerguer-isto-fogo-consome-na-totalidade-fabrica-de-texteis-em-felgueiras","status":"publish","type":"post","link":"https:\/\/www.europesays.com\/pt\/162171\/","title":{"rendered":"&#8220;Vou reerguer isto&#8221;. Fogo consome na totalidade f\u00e1brica de t\u00eaxteis em Felgueiras"},"content":{"rendered":"<p data-remotead-prev-elm=\"true\" data-remotead-elm-id=\"inread\">A f\u00e1brica emprega 11 pessoas, tendo o s\u00f3cio gerente assegurado \u00e0 Lusa que os postos de trabalho s\u00e3o para manter. &#8220;Vou reerguer isto&#8221;, afirmou Ant\u00f3nio Pereira, que manifestou indisponibilidade para dar mais pormenores, apenas confirmando n\u00e3o ter havido feridos.<\/p>\n<p>A f\u00e1brica Inspira\u00e7\u00e3o Padr\u00e3o, segundo o propriet\u00e1rio, funciona no r\u00e9s do ch\u00e3o da casa onde reside e tem uma \u00e1rea de cerca de 400 metros quadrados.<\/p>\n<p>O alerta foi dado pelas 6.12 horas para um inc\u00eandio na localidade de Penacova, sendo a primeira informa\u00e7\u00e3o a de que estaria a arder um armaz\u00e9m de t\u00eaxteis lar, revelou \u00e0 Lusa o comandante dos bombeiros locais, J\u00falio Pereira.<\/p>\n<p data-remotead-prev-elm=\"true\" data-remotead-elm-id=\"centro1\"><img decoding=\"async\" class=\"ngx-body\" guid=\"6ffa19ea-bc2f-4e1f-aa3d-2fb53d51c871\" src=\"https:\/\/www.europesays.com\/pt\/wp-content\/uploads\/2025\/11\/1763907613_509_image.webp\" width=\"100%\"\/>Foto: Direitos reservados<\/p>\n<p>Todavia, \u00e0 chegada ao local, verificou-se ser a f\u00e1brica que estava a arder, acabando por ser totalmente consumida pelas chamas, acrescentou o comandante.<\/p>\n<p>O fogo foi dado como extinto cerca das 9.10 horas, disse.<\/p>\n<p><img decoding=\"async\" class=\"ngx-body\" guid=\"e86e2176-88c5-402b-b610-4c04370a2a01\" src=\"https:\/\/www.europesays.com\/pt\/wp-content\/uploads\/2025\/11\/1763907614_308_image.webp\" width=\"100%\"\/>Foto: Direitos reservados<\/p>\n","protected":false},"excerpt":{"rendered":"A f\u00e1brica emprega 11 pessoas, tendo o s\u00f3cio gerente assegurado \u00e0 Lusa que os postos de trabalho s\u00e3o&hellip;\n","protected":false},"author":2,"featured_media":162172,"comment_status":"","ping_status":"","sticky":false,"template":"","format":"standard","meta":{"footnotes":""},"categories":[10],"tags":[27,28,22481,2655,15,16,14,625,25,26,21,22,12,13,19,20,32,23,24,33,17,18,29,30,31],"class_list":{"0":"post-162171","1":"post","2":"type-post","3":"status-publish","4":"format-standard","5":"has-post-thumbnail","7":"category-portugal","8":"tag-breaking-news","9":"tag-breakingnews","10":"tag-concelho-felgueiras","11":"tag-fabrica","12":"tag-featured-news","13":"tag-featurednews","14":"tag-headlines","15":"tag-incendio","16":"tag-latest-news","17":"tag-latestnews","18":"tag-main-news","19":"tag-mainnews","20":"tag-news","21":"tag-noticias","22":"tag-noticias-principais","23":"tag-noticiasprincipais","24":"tag-portugal","25":"tag-principais-noticias","26":"tag-principaisnoticias","27":"tag-pt","28":"tag-top-stories","29":"tag-topstories","30":"tag-ultimas","31":"tag-ultimas-noticias","32":"tag-ultimasnoticias"},"share_on_mastodon":{"url":"https:\/\/pubeurope.com\/@pt\/115599456711593945","error":""},"_links":{"self":[{"href":"https:\/\/www.europesays.com\/pt\/wp-json\/wp\/v2\/posts\/162171","targetHints":{"allow":["GET"]}}],"collection":[{"href":"https:\/\/www.europesays.com\/pt\/wp-json\/wp\/v2\/posts"}],"about":[{"href":"https:\/\/www.europesays.com\/pt\/wp-json\/wp\/v2\/types\/post"}],"author":[{"embeddable":true,"href":"https:\/\/www.europesays.com\/pt\/wp-json\/wp\/v2\/users\/2"}],"replies":[{"embeddable":true,"href":"https:\/\/www.europesays.com\/pt\/wp-json\/wp\/v2\/comments?post=162171"}],"version-history":[{"count":0,"href":"https:\/\/www.europesays.com\/pt\/wp-json\/wp\/v2\/posts\/162171\/revisions"}],"wp:featuredmedia":[{"embeddable":true,"href":"https:\/\/www.europesays.com\/pt\/wp-json\/wp\/v2\/media\/162172"}],"wp:attachment":[{"href":"https:\/\/www.europesays.com\/pt\/wp-json\/wp\/v2\/media?parent=162171"}],"wp:term":[{"taxonomy":"category","embeddable":true,"href":"https:\/\/www.europesays.com\/pt\/wp-json\/wp\/v2\/categories?post=162171"},{"taxonomy":"post_tag","embeddable":true,"href":"https:\/\/www.europesays.com\/pt\/wp-json\/wp\/v2\/tags?post=162171"}],"curies":[{"name":"wp","href":"https:\/\/api.w.org\/{rel}","templated":true}]}}